{"id":36477,"date":"2018-07-15T20:25:51","date_gmt":"2018-07-15T23:25:51","guid":{"rendered":"https:\/\/eldiariodesanpedro.com.ar\/sitio\/?p=36477"},"modified":"2018-07-15T20:25:51","modified_gmt":"2018-07-15T23:25:51","slug":"involucran-a-la-liga-deportiva-sampedrina-en-la-venta-de-entradas-para-el-mundial-de-rusia","status":"publish","type":"post","link":"https:\/\/eldiariodesanpedro.com.ar\/sitio\/involucran-a-la-liga-deportiva-sampedrina-en-la-venta-de-entradas-para-el-mundial-de-rusia\/","title":{"rendered":"Involucran a la Liga Deportiva Sampedrina en la venta de entradas para el Mundial de Rusia"},"content":{"rendered":"<p><!-- VideographyWP Plugin Message: Automatic video embedding prevented by plugin options. --><br \/>\nQui\u00e9n la ten\u00eda y c\u00f3mo trascendi\u00f3 la imagen de la entrada en nuestra ciudad. Un informe de A24 incluye a varias Ligas del interior entre las que aparece la de nuestra ciudad. La AFA utiliz\u00f3 el nombre de las entidades afiliadas para vender los ingresos a los estadios.<\/p>\n<p>  Por intermedio de un informe elaborado por el canal de noticias A24 se supo que la AFA utiliz\u00f3 el nombre de sus entidades afiliadas para vender las entradas a los partidos del Mundial de Rusia.<\/p>\n<p>  La investigaci\u00f3n identifica a varias ligas del interior con nombre y apellido de sus responsables, y entre las citadas aparece la Liga Deportiva Sampedrina que en principio no tendr\u00eda nada que ver con la maniobra, pero que con el solo hecho de aparecer involucrada se ver\u00e1 en la obligaci\u00f3n de aclarar oficialmente que es lo que sucedi\u00f3.<br \/>\n  Lo llamativo del caso es que sobre las \u00faltimas horas en nuestra ciudad se viraliz\u00f3 la foto de la entrada que dice \u201cLiga Deportiva Sampedrina\u201d con la que un hincha argentino ingres\u00f3 al partido que la selecci\u00f3n de Sampaoli enfrent\u00f3 a Francia. \u00bfQui\u00e9n la ten\u00eda? \u00bfC\u00f3mo trascendi\u00f3 en nuestra ciudad?<\/p>\n<p>Fuente: San Pedro Informa &#8211; FM G\u00e9nesis<\/p>\n","protected":false},"excerpt":{"rendered":"<p>Qui\u00e9n la ten\u00eda y c\u00f3mo trascendi\u00f3 la imagen de la entrada en nuestra ciudad. Un informe de A24 incluye a varias Ligas del interior entre las que aparece la de nuestra ciudad. La AFA utiliz\u00f3 el nombre de las entidades afiliadas para vender los ingresos a los estadios. Por intermedio de un informe elaborado por [&hellip;]<\/p>\n","protected":false},"author":4,"featured_media":36480,"comment_status":"open","ping_status":"closed","sticky":false,"template":"","format":"standard","meta":{"om_disable_all_campaigns":false,"_jetpack_memberships_contains_paid_content":false,"footnotes":""},"categories":[2,103],"tags":[],"class_list":["post-36477","post","type-post","status-publish","format-standard","has-post-thumbnail","hentry","category-locales","category-policiales-locales"],"aioseo_notices":[],"gutentor_comment":0,"jetpack_featured_media_url":"https:\/\/eldiariodesanpedro.com.ar\/sitio\/wp-content\/uploads\/2018\/07\/Involucran-a-la-Liga-Deportiva-Sampedrina-en-la-venta-de-entradas-para-el-Mundial-de-Rusia.jpg","jetpack_shortlink":"https:\/\/wp.me\/p6RhLt-9ul","jetpack_sharing_enabled":true,"_links":{"self":[{"href":"https:\/\/eldiariodesanpedro.com.ar\/sitio\/wp-json\/wp\/v2\/posts\/36477","targetHints":{"allow":["GET"]}}],"collection":[{"href":"https:\/\/eldiariodesanpedro.com.ar\/sitio\/wp-json\/wp\/v2\/posts"}],"about":[{"href":"https:\/\/eldiariodesanpedro.com.ar\/sitio\/wp-json\/wp\/v2\/types\/post"}],"author":[{"embeddable":true,"href":"https:\/\/eldiariodesanpedro.com.ar\/sitio\/wp-json\/wp\/v2\/users\/4"}],"replies":[{"embeddable":true,"href":"https:\/\/eldiariodesanpedro.com.ar\/sitio\/wp-json\/wp\/v2\/comments?post=36477"}],"version-history":[{"count":1,"href":"https:\/\/eldiariodesanpedro.com.ar\/sitio\/wp-json\/wp\/v2\/posts\/36477\/revisions"}],"predecessor-version":[{"id":36481,"href":"https:\/\/eldiariodesanpedro.com.ar\/sitio\/wp-json\/wp\/v2\/posts\/36477\/revisions\/36481"}],"wp:featuredmedia":[{"embeddable":true,"href":"https:\/\/eldiariodesanpedro.com.ar\/sitio\/wp-json\/wp\/v2\/media\/36480"}],"wp:attachment":[{"href":"https:\/\/eldiariodesanpedro.com.ar\/sitio\/wp-json\/wp\/v2\/media?parent=36477"}],"wp:term":[{"taxonomy":"category","embeddable":true,"href":"https:\/\/eldiariodesanpedro.com.ar\/sitio\/wp-json\/wp\/v2\/categories?post=36477"},{"taxonomy":"post_tag","embeddable":true,"href":"https:\/\/eldiariodesanpedro.com.ar\/sitio\/wp-json\/wp\/v2\/tags?post=36477"}],"curies":[{"name":"wp","href":"https:\/\/api.w.org\/{rel}","templated":true}]}}