{"id":36471,"date":"2018-07-14T10:24:28","date_gmt":"2018-07-14T13:24:28","guid":{"rendered":"https:\/\/eldiariodesanpedro.com.ar\/sitio\/?p=36471"},"modified":"2018-07-14T10:28:12","modified_gmt":"2018-07-14T13:28:12","slug":"le-arrebataron-la-cartera-y-se-dieron-a-la-fuga","status":"publish","type":"post","link":"https:\/\/eldiariodesanpedro.com.ar\/sitio\/le-arrebataron-la-cartera-y-se-dieron-a-la-fuga\/","title":{"rendered":"Le arrebataron la cartera y se dieron a la fuga"},"content":{"rendered":"<p><!-- VideographyWP Plugin Message: Automatic video embedding prevented by plugin options. --><br \/>\nEste viernes al mediod\u00eda, una ciudadana de 50 a\u00f1os que se encontraba caminando en intersecci\u00f3n de las calles Bottaro y Riobamba, fue sorprendida por dos malvivientes quienes le sustraen la cartera y el celular a modo de arrebato y se dan a la fuga.<\/p>\n<p>La v\u00edctima resulta ilesa y se tom\u00f3 intervenci\u00f3n en la fiscal\u00eda N\u00ba11 quien dispone car\u00e1tula de hurto y recaudos legales.<\/p>\n","protected":false},"excerpt":{"rendered":"<p>Este viernes al mediod\u00eda, una ciudadana de 50 a\u00f1os que se encontraba caminando en intersecci\u00f3n de las calles Bottaro y Riobamba, fue sorprendida por dos malvivientes quienes le sustraen la cartera y el celular a modo de arrebato y se dan a la fuga. La v\u00edctima resulta ilesa y se tom\u00f3 intervenci\u00f3n en la fiscal\u00eda [&hellip;]<\/p>\n","protected":false},"author":4,"featured_media":3560,"comment_status":"open","ping_status":"closed","sticky":false,"template":"","format":"standard","meta":{"om_disable_all_campaigns":false,"_jetpack_memberships_contains_paid_content":false,"footnotes":""},"categories":[2,103],"tags":[],"class_list":["post-36471","post","type-post","status-publish","format-standard","has-post-thumbnail","hentry","category-locales","category-policiales-locales"],"aioseo_notices":[],"gutentor_comment":0,"jetpack_featured_media_url":"https:\/\/eldiariodesanpedro.com.ar\/sitio\/wp-content\/uploads\/2016\/04\/arrebato_de_cartera.jpg_1033502443.jpg","jetpack_shortlink":"https:\/\/wp.me\/p6RhLt-9uf","jetpack_sharing_enabled":true,"_links":{"self":[{"href":"https:\/\/eldiariodesanpedro.com.ar\/sitio\/wp-json\/wp\/v2\/posts\/36471","targetHints":{"allow":["GET"]}}],"collection":[{"href":"https:\/\/eldiariodesanpedro.com.ar\/sitio\/wp-json\/wp\/v2\/posts"}],"about":[{"href":"https:\/\/eldiariodesanpedro.com.ar\/sitio\/wp-json\/wp\/v2\/types\/post"}],"author":[{"embeddable":true,"href":"https:\/\/eldiariodesanpedro.com.ar\/sitio\/wp-json\/wp\/v2\/users\/4"}],"replies":[{"embeddable":true,"href":"https:\/\/eldiariodesanpedro.com.ar\/sitio\/wp-json\/wp\/v2\/comments?post=36471"}],"version-history":[{"count":1,"href":"https:\/\/eldiariodesanpedro.com.ar\/sitio\/wp-json\/wp\/v2\/posts\/36471\/revisions"}],"predecessor-version":[{"id":36472,"href":"https:\/\/eldiariodesanpedro.com.ar\/sitio\/wp-json\/wp\/v2\/posts\/36471\/revisions\/36472"}],"wp:featuredmedia":[{"embeddable":true,"href":"https:\/\/eldiariodesanpedro.com.ar\/sitio\/wp-json\/wp\/v2\/media\/3560"}],"wp:attachment":[{"href":"https:\/\/eldiariodesanpedro.com.ar\/sitio\/wp-json\/wp\/v2\/media?parent=36471"}],"wp:term":[{"taxonomy":"category","embeddable":true,"href":"https:\/\/eldiariodesanpedro.com.ar\/sitio\/wp-json\/wp\/v2\/categories?post=36471"},{"taxonomy":"post_tag","embeddable":true,"href":"https:\/\/eldiariodesanpedro.com.ar\/sitio\/wp-json\/wp\/v2\/tags?post=36471"}],"curies":[{"name":"wp","href":"https:\/\/api.w.org\/{rel}","templated":true}]}}