{"id":36468,"date":"2018-07-14T10:16:45","date_gmt":"2018-07-14T13:16:45","guid":{"rendered":"https:\/\/eldiariodesanpedro.com.ar\/sitio\/?p=36468"},"modified":"2018-07-14T10:16:45","modified_gmt":"2018-07-14T13:16:45","slug":"delincuentes-ingresaron-a-la-clinica-san-pedro-y-robaron-una-cartera","status":"publish","type":"post","link":"https:\/\/eldiariodesanpedro.com.ar\/sitio\/delincuentes-ingresaron-a-la-clinica-san-pedro-y-robaron-una-cartera\/","title":{"rendered":"Delincuentes ingresaron a la Cl\u00ednica San Pedro y robaron una cartera"},"content":{"rendered":"<p><!-- VideographyWP Plugin Message: Automatic video embedding prevented by plugin options. --><br \/>\nEl hecho ocurri\u00f3 este viernes alrededor de las 15:00hs cuando dos delincuentes ingresaron a una habitaci\u00f3n de la Cl\u00ednica y sustrajeron una cartera d\u00e1ndose a la fuga.<\/p>\n<p>Personal policial se entrevist\u00f3 con el propietario de la misma que se encontraba internado, y contaba que en el momento que se levant\u00f3 de su cama y entro al ba\u00f1o, malvivientes ingresaron y le robaron su cartera con objetos personales d\u00e1ndose a la fuga inmediatamente.<\/p>\n","protected":false},"excerpt":{"rendered":"<p>El hecho ocurri\u00f3 este viernes alrededor de las 15:00hs cuando dos delincuentes ingresaron a una habitaci\u00f3n de la Cl\u00ednica y sustrajeron una cartera d\u00e1ndose a la fuga. Personal policial se entrevist\u00f3 con el propietario de la misma que se encontraba internado, y contaba que en el momento que se levant\u00f3 de su cama y entro [&hellip;]<\/p>\n","protected":false},"author":4,"featured_media":36469,"comment_status":"open","ping_status":"closed","sticky":false,"template":"","format":"standard","meta":{"om_disable_all_campaigns":false,"_jetpack_memberships_contains_paid_content":false,"footnotes":""},"categories":[50,2,103],"tags":[],"class_list":["post-36468","post","type-post","status-publish","format-standard","has-post-thumbnail","hentry","category-destacadas","category-locales","category-policiales-locales"],"aioseo_notices":[],"gutentor_comment":0,"jetpack_featured_media_url":"https:\/\/eldiariodesanpedro.com.ar\/sitio\/wp-content\/uploads\/2018\/07\/clinica-san-pedro.jpg","jetpack_shortlink":"https:\/\/wp.me\/p6RhLt-9uc","jetpack_sharing_enabled":true,"_links":{"self":[{"href":"https:\/\/eldiariodesanpedro.com.ar\/sitio\/wp-json\/wp\/v2\/posts\/36468","targetHints":{"allow":["GET"]}}],"collection":[{"href":"https:\/\/eldiariodesanpedro.com.ar\/sitio\/wp-json\/wp\/v2\/posts"}],"about":[{"href":"https:\/\/eldiariodesanpedro.com.ar\/sitio\/wp-json\/wp\/v2\/types\/post"}],"author":[{"embeddable":true,"href":"https:\/\/eldiariodesanpedro.com.ar\/sitio\/wp-json\/wp\/v2\/users\/4"}],"replies":[{"embeddable":true,"href":"https:\/\/eldiariodesanpedro.com.ar\/sitio\/wp-json\/wp\/v2\/comments?post=36468"}],"version-history":[{"count":1,"href":"https:\/\/eldiariodesanpedro.com.ar\/sitio\/wp-json\/wp\/v2\/posts\/36468\/revisions"}],"predecessor-version":[{"id":36470,"href":"https:\/\/eldiariodesanpedro.com.ar\/sitio\/wp-json\/wp\/v2\/posts\/36468\/revisions\/36470"}],"wp:featuredmedia":[{"embeddable":true,"href":"https:\/\/eldiariodesanpedro.com.ar\/sitio\/wp-json\/wp\/v2\/media\/36469"}],"wp:attachment":[{"href":"https:\/\/eldiariodesanpedro.com.ar\/sitio\/wp-json\/wp\/v2\/media?parent=36468"}],"wp:term":[{"taxonomy":"category","embeddable":true,"href":"https:\/\/eldiariodesanpedro.com.ar\/sitio\/wp-json\/wp\/v2\/categories?post=36468"},{"taxonomy":"post_tag","embeddable":true,"href":"https:\/\/eldiariodesanpedro.com.ar\/sitio\/wp-json\/wp\/v2\/tags?post=36468"}],"curies":[{"name":"wp","href":"https:\/\/api.w.org\/{rel}","templated":true}]}}