{"id":36466,"date":"2018-07-14T10:02:40","date_gmt":"2018-07-14T13:02:40","guid":{"rendered":"https:\/\/eldiariodesanpedro.com.ar\/sitio\/?p=36466"},"modified":"2018-07-14T10:02:40","modified_gmt":"2018-07-14T13:02:40","slug":"un-joven-aprehendido-por-balear-a-un-menor-junto-a-su-padre-el-pasado-jueves","status":"publish","type":"post","link":"https:\/\/eldiariodesanpedro.com.ar\/sitio\/un-joven-aprehendido-por-balear-a-un-menor-junto-a-su-padre-el-pasado-jueves\/","title":{"rendered":"Un joven aprehendido por balear a un menor junto a su padre el pasado jueves"},"content":{"rendered":"<p><!-- VideographyWP Plugin Message: Automatic video embedding prevented by plugin options. --><br \/>\nLuego de la denuncia que se conoci\u00f3 este jueves, cuando un ciudadano junto a su hijo de 15 a\u00f1os fueron baleados por dos personas sin conocer el motivo, resultando el menor herido con un perdig\u00f3n en la zona del cr\u00e1neo, se realizaron tres allanamientos y fue detenido un joven de 22 a\u00f1os que ser\u00eda el autor del hecho.<\/p>\n<p>Las diligencias se realizaron este viernes por la tarde, dando cumplimiento a orden de allanamiento y detenci\u00f3n otorgado por el\u00a0 Juzgado de Garant\u00edas N\u00b03 a cargo de la Dra. Mar\u00eda Eugenia Maiztegui , en calle Molina al 600, casi contra las v\u00edas del ferrocarril; all\u00ed fue detenido Lucas Martin Andrade de 22 a\u00f1os de edad, quien en su poder ten\u00eda varios cartuchos de escopeta.<\/p>\n<p>El aprehendido fue trasladado a la Dependencia Local, el caso fue caratulado como \u00ababuso de arma, lesiones y amenazas agravadas con arma de fuego\u00bb, a cargo de la Fiscal\u00eda N\u00b0 11 que conduce la Dr \u00a0Viviana Ramos.<\/p>\n","protected":false},"excerpt":{"rendered":"<p>Luego de la denuncia que se conoci\u00f3 este jueves, cuando un ciudadano junto a su hijo de 15 a\u00f1os fueron baleados por dos personas sin conocer el motivo, resultando el menor herido con un perdig\u00f3n en la zona del cr\u00e1neo, se realizaron tres allanamientos y fue detenido un joven de 22 a\u00f1os que ser\u00eda el [&hellip;]<\/p>\n","protected":false},"author":4,"featured_media":30195,"comment_status":"open","ping_status":"closed","sticky":false,"template":"","format":"standard","meta":{"om_disable_all_campaigns":false,"_jetpack_memberships_contains_paid_content":false,"footnotes":""},"categories":[50,2,103],"tags":[],"class_list":["post-36466","post","type-post","status-publish","format-standard","has-post-thumbnail","hentry","category-destacadas","category-locales","category-policiales-locales"],"aioseo_notices":[],"gutentor_comment":0,"jetpack_featured_media_url":"https:\/\/eldiariodesanpedro.com.ar\/sitio\/wp-content\/uploads\/2018\/03\/Aprehendido-y-ofuscado.jpg","jetpack_shortlink":"https:\/\/wp.me\/p6RhLt-9ua","jetpack_sharing_enabled":true,"_links":{"self":[{"href":"https:\/\/eldiariodesanpedro.com.ar\/sitio\/wp-json\/wp\/v2\/posts\/36466","targetHints":{"allow":["GET"]}}],"collection":[{"href":"https:\/\/eldiariodesanpedro.com.ar\/sitio\/wp-json\/wp\/v2\/posts"}],"about":[{"href":"https:\/\/eldiariodesanpedro.com.ar\/sitio\/wp-json\/wp\/v2\/types\/post"}],"author":[{"embeddable":true,"href":"https:\/\/eldiariodesanpedro.com.ar\/sitio\/wp-json\/wp\/v2\/users\/4"}],"replies":[{"embeddable":true,"href":"https:\/\/eldiariodesanpedro.com.ar\/sitio\/wp-json\/wp\/v2\/comments?post=36466"}],"version-history":[{"count":1,"href":"https:\/\/eldiariodesanpedro.com.ar\/sitio\/wp-json\/wp\/v2\/posts\/36466\/revisions"}],"predecessor-version":[{"id":36467,"href":"https:\/\/eldiariodesanpedro.com.ar\/sitio\/wp-json\/wp\/v2\/posts\/36466\/revisions\/36467"}],"wp:featuredmedia":[{"embeddable":true,"href":"https:\/\/eldiariodesanpedro.com.ar\/sitio\/wp-json\/wp\/v2\/media\/30195"}],"wp:attachment":[{"href":"https:\/\/eldiariodesanpedro.com.ar\/sitio\/wp-json\/wp\/v2\/media?parent=36466"}],"wp:term":[{"taxonomy":"category","embeddable":true,"href":"https:\/\/eldiariodesanpedro.com.ar\/sitio\/wp-json\/wp\/v2\/categories?post=36466"},{"taxonomy":"post_tag","embeddable":true,"href":"https:\/\/eldiariodesanpedro.com.ar\/sitio\/wp-json\/wp\/v2\/tags?post=36466"}],"curies":[{"name":"wp","href":"https:\/\/api.w.org\/{rel}","templated":true}]}}