{"id":36462,"date":"2018-07-14T09:41:17","date_gmt":"2018-07-14T12:41:17","guid":{"rendered":"https:\/\/eldiariodesanpedro.com.ar\/sitio\/?p=36462"},"modified":"2018-07-14T13:08:35","modified_gmt":"2018-07-14T16:08:35","slug":"marcos-juarez-sampedrinos-encontraron-una-mochila-con-140-000-la-llevaron-a-la-comisaria-y-desaparecio","status":"publish","type":"post","link":"https:\/\/eldiariodesanpedro.com.ar\/sitio\/marcos-juarez-sampedrinos-encontraron-una-mochila-con-140-000-la-llevaron-a-la-comisaria-y-desaparecio\/","title":{"rendered":"MARCOS JU\u00c1REZ, CORDOBA: Sampedrinos encontraron una mochila con $140.000, la llevaron a la comisar\u00eda y desapareci\u00f3"},"content":{"rendered":"<p><!-- VideographyWP Plugin Message: Automatic video embedding prevented by plugin options. --><br \/>\nUna sampedrina que est\u00e1 residiendo en la ciudad de Marcos Ju\u00e1rez, Provincia de Cordoba, cont\u00f3 al Diario de San Pedro lo ocurrido este martes por la noche donde uno de sus hijos fueron los que encontraron la mochila con el dinero en la v\u00eda p\u00fablica; Marcela expres\u00f3:<\/p>\n<p>\u00bb Mi hijo lleg\u00f3 muy asustado a casa con dos de sus amigos y me cuentan que\u00a0 hab\u00edan encontrado una mochila tirada en la calle y cuando la abrieron para ver si ten\u00eda documentos, se encontraron con mucha cantidad de dinero en su interior; en ese momento se dirigieron a la comisar\u00eda quien los atiende un agente que estaba de guardia, les toma los datos en un papelito, sin denuncia,\u00a0 no les hizo firmar acta, nada pero ellos se quedaron dentro de todo tranquilos porque se la hab\u00edan dejado a la polic\u00eda\u00bb.<\/p>\n<p>Nos contaba tambi\u00e9n que al otro dia de llevar el dinero, esperaban en sus casas la noticia de que tres j\u00f3venes hab\u00edan encontrado una suma importante de dinero y nunca se escuch\u00f3.<\/p>\n<p>La mam\u00e1 de uno de los menores\u00a0que devolvi\u00f3 la mochila\u00a0observ\u00f3 una publicaci\u00f3n en las\u00a0redes sociales que le llam\u00f3 la\u00a0atenci\u00f3n. En Facebook una persona\u00a0manifestaba haber extraviado\u00a0el bolso con una suma\u00a0importante de dinero en la zona\u00a0c\u00e9ntrica de la ciudad.<\/p>\n<p>Los due\u00f1os eran comerciantes que se dirig\u00edan a comprar ropa a otra ciudad y a las cuadras se dieron cuenta de la p\u00e9rdida de la mochila.<\/p>\n<p>Inmediatamente coment\u00f3 debajo\u00a0de la publicaci\u00f3n, que ella\u00a0junto a tres menores hab\u00edan trasladado\u00a0la mochila a la Comisar\u00eda\u00a0de Marcos Ju\u00e1rez, ya que los chicos la hab\u00edan hallado en la\u00a0v\u00eda p\u00fablica.<\/p>\n<p>Cuando el propietario\u00a0 de la misma se dirigi\u00f3 a la comisaria no le creyeron y le contestaron que seguramente le hab\u00edan hecho una joda; el ciudadano se comunic\u00f3 con la mama de los chicos r\u00e1pidamente y se dirigieron a declarar a la Dependencia.<\/p>\n<p>Seg\u00fan informaron fuentes policiales,\u00a0al hacerse presente en\u00a0la comisar\u00eda la guardia policial\u00a0ya hab\u00eda cambiado y el nuevo\u00a0agente desconoc\u00eda la situaci\u00f3n.\u00a0Los protagonistas informaron\u00a0sobre lo ocurrido, por lo que las\u00a0autoridades policiales convocaron\u00a0al efectivo que se\u00a0encontraba de guardia al momento\u00a0de la devoluci\u00f3n.<\/p>\n<p>Adem\u00e1s se present\u00f3 una denuncia\u00a0en la Unidad Judicial por\u00a0lo que tom\u00f3 intervenci\u00f3n el Fiscal\u00a0de Corral de Bustos \u2013 Ifflinger,\u00a0Pedro Guerra, a cargo de\u00a0Marcos Ju\u00e1rez por la feria judicial.\u00a0Junto a Lucas Martinez,\u00a0Ayudante de Fiscal\u00eda, se hicieron\u00a0presente y ordenaron una\u00a0serie de medidas para avanzar\u00a0con la investigaci\u00f3n.<\/p>\n<p>Finalmente se procedi\u00f3 a\u00a0tomar los testimonios del personal\u00a0policial, quien estaba en la\u00a0guardia al momento que lleg\u00f3 el\u00a0bolso con los 140 mil pesos.<\/p>\n<p>La justicia identific\u00f3 al\u00a0agente como Mario Derrute, quien se encontraba en\u00a0la ciudad desarrollando tareas en la dependencia desde hace algunos meses. Qued\u00f3 acreditado que\u00a0no hab\u00eda realizada el acta correspondiente\u00a0para la Unidad\u00a0Judicial ni se inform\u00f3 a las autoridades\u00a0policiales.<\/p>\n<p>El Fiscal Guerra, tras analizar\u00a0los testimonios y pruebas, orden\u00f3\u00a0la detenci\u00f3n del agente. A\u00a0las pocas horas fue traslado a la\u00a0penitenciar\u00eda de Bouwer.\u00a0Fue imputado por el delito de\u00a0\u201churto Calificado por la calidad\u00a0del autor (Polic\u00eda) e incumplimiento\u00a0de los deberes de funcionario\u00a0p\u00fablico\u201d.<\/p>\n<p>Marcela finaliz\u00f3 la entrevista \u00bb la mochila todav\u00eda no aparece y nosotros tenemos\u00a0\u00a0mucho miedo a una represalia con los chicos\u00bb.<\/p>\n<p>&nbsp;<\/p>\n<p>&nbsp;<\/p>\n<p>&nbsp;<\/p>\n","protected":false},"excerpt":{"rendered":"<p>Una sampedrina que est\u00e1 residiendo en la ciudad de Marcos Ju\u00e1rez, Provincia de Cordoba, cont\u00f3 al Diario de San Pedro lo ocurrido este martes por la noche donde uno de sus hijos fueron los que encontraron la mochila con el dinero en la v\u00eda p\u00fablica; Marcela expres\u00f3: \u00bb Mi hijo lleg\u00f3 muy asustado a casa [&hellip;]<\/p>\n","protected":false},"author":4,"featured_media":36464,"comment_status":"open","ping_status":"closed","sticky":false,"template":"","format":"standard","meta":{"om_disable_all_campaigns":false,"_jetpack_memberships_contains_paid_content":false,"footnotes":""},"categories":[50,2,103],"tags":[],"class_list":["post-36462","post","type-post","status-publish","format-standard","has-post-thumbnail","hentry","category-destacadas","category-locales","category-policiales-locales"],"aioseo_notices":[],"gutentor_comment":0,"jetpack_featured_media_url":"https:\/\/eldiariodesanpedro.com.ar\/sitio\/wp-content\/uploads\/2018\/07\/comisaria-Marcos-Juarez-1.jpg","jetpack_shortlink":"https:\/\/wp.me\/p6RhLt-9u6","jetpack_sharing_enabled":true,"_links":{"self":[{"href":"https:\/\/eldiariodesanpedro.com.ar\/sitio\/wp-json\/wp\/v2\/posts\/36462","targetHints":{"allow":["GET"]}}],"collection":[{"href":"https:\/\/eldiariodesanpedro.com.ar\/sitio\/wp-json\/wp\/v2\/posts"}],"about":[{"href":"https:\/\/eldiariodesanpedro.com.ar\/sitio\/wp-json\/wp\/v2\/types\/post"}],"author":[{"embeddable":true,"href":"https:\/\/eldiariodesanpedro.com.ar\/sitio\/wp-json\/wp\/v2\/users\/4"}],"replies":[{"embeddable":true,"href":"https:\/\/eldiariodesanpedro.com.ar\/sitio\/wp-json\/wp\/v2\/comments?post=36462"}],"version-history":[{"count":2,"href":"https:\/\/eldiariodesanpedro.com.ar\/sitio\/wp-json\/wp\/v2\/posts\/36462\/revisions"}],"predecessor-version":[{"id":36475,"href":"https:\/\/eldiariodesanpedro.com.ar\/sitio\/wp-json\/wp\/v2\/posts\/36462\/revisions\/36475"}],"wp:featuredmedia":[{"embeddable":true,"href":"https:\/\/eldiariodesanpedro.com.ar\/sitio\/wp-json\/wp\/v2\/media\/36464"}],"wp:attachment":[{"href":"https:\/\/eldiariodesanpedro.com.ar\/sitio\/wp-json\/wp\/v2\/media?parent=36462"}],"wp:term":[{"taxonomy":"category","embeddable":true,"href":"https:\/\/eldiariodesanpedro.com.ar\/sitio\/wp-json\/wp\/v2\/categories?post=36462"},{"taxonomy":"post_tag","embeddable":true,"href":"https:\/\/eldiariodesanpedro.com.ar\/sitio\/wp-json\/wp\/v2\/tags?post=36462"}],"curies":[{"name":"wp","href":"https:\/\/api.w.org\/{rel}","templated":true}]}}