{"id":36449,"date":"2018-07-13T21:05:07","date_gmt":"2018-07-14T00:05:07","guid":{"rendered":"https:\/\/eldiariodesanpedro.com.ar\/sitio\/?p=36449"},"modified":"2026-01-24T00:11:24","modified_gmt":"2026-01-24T03:11:24","slug":"automovilismo-se-corre-en-arrecifes","status":"publish","type":"post","link":"https:\/\/eldiariodesanpedro.com.ar\/sitio\/automovilismo-se-corre-en-arrecifes\/","title":{"rendered":"AUTOMOVILISMO: Se corre en Arrecifes"},"content":{"rendered":"<p><!-- VideographyWP Plugin Message: Automatic video embedding prevented by plugin options. --><br \/>\n  Las categor\u00edas zonales se har\u00e1n presentes en el circuito \u201cEl Costanero\u201d de Arrecifes organizado por el \u201cArrecifes Autom\u00f3vil Club\u201d el pr\u00f3ximo fin de semana, cuarta fecha del campeonato, siempre y cuando el tiempo lo permita, y estar\u00e1n presentes la legi\u00f3n de sampedrinos que compiten en las diferentes categor\u00edas, sobre todo el TC 850.<br \/>\n  La jornada comienza el s\u00e1bado 8.45 horas con los entrenamientos, debutantes y libres para titulares e invitados. Las competencias tendr\u00e1n invitados y hay varios binomios que integran pilotos de San Pedro, entre otros Marelli\/Iglesias, Hepp\/Dom\u00ednguez, Ricardo\/Gallo, Aldaz\u00e1bal\/Oppen, Parra\/Abeledo, Scarfo\/E. Iglesias, Chaparro\/Chaparro, Maes\/F. Iglesias. El domingo desde las 9 horas el plato fuerte para los amantes \u201ctuercas\u201d.<\/p>\n<p><strong>Campeonatos<\/strong><br \/>\n  El TC 850 ubica a Pablo Marelli en el segundo lugar, Jorge Hepp tercero, Pablo Ricardo cuarto, Mariano Aldazabal quinto, Federico Parra s\u00e9ptimo, Pablo Scarfo noveno y Maxi Maes d\u00e9cimo. TC Zonal Iglesias-Iglesias en la segunda ubicaci\u00f3n. TC 4000 Jorge Caso d\u00e9cimo quinto. <\/p>\n","protected":false},"excerpt":{"rendered":"<p>Las categor\u00edas zonales se har\u00e1n presentes en el circuito \u201cEl Costanero\u201d de Arrecifes organizado por el \u201cArrecifes Autom\u00f3vil Club\u201d el pr\u00f3ximo fin de semana, cuarta fecha del campeonato, siempre y cuando el tiempo lo permita, y estar\u00e1n presentes la legi\u00f3n de sampedrinos que compiten en las diferentes categor\u00edas, sobre todo el TC 850. La jornada [&hellip;]<\/p>\n","protected":false},"author":4,"featured_media":22931,"comment_status":"open","ping_status":"closed","sticky":false,"template":"","format":"standard","meta":{"om_disable_all_campaigns":false,"_jetpack_memberships_contains_paid_content":false,"footnotes":""},"categories":[5],"tags":[],"class_list":["post-36449","post","type-post","status-publish","format-standard","has-post-thumbnail","hentry","category-deportes"],"aioseo_notices":[],"gutentor_comment":0,"jetpack_featured_media_url":"https:\/\/eldiariodesanpedro.com.ar\/sitio\/wp-content\/uploads\/2017\/09\/automovilismo-fedenor.jpg","jetpack_shortlink":"https:\/\/wp.me\/p6RhLt-9tT","jetpack_sharing_enabled":true,"_links":{"self":[{"href":"https:\/\/eldiariodesanpedro.com.ar\/sitio\/wp-json\/wp\/v2\/posts\/36449","targetHints":{"allow":["GET"]}}],"collection":[{"href":"https:\/\/eldiariodesanpedro.com.ar\/sitio\/wp-json\/wp\/v2\/posts"}],"about":[{"href":"https:\/\/eldiariodesanpedro.com.ar\/sitio\/wp-json\/wp\/v2\/types\/post"}],"author":[{"embeddable":true,"href":"https:\/\/eldiariodesanpedro.com.ar\/sitio\/wp-json\/wp\/v2\/users\/4"}],"replies":[{"embeddable":true,"href":"https:\/\/eldiariodesanpedro.com.ar\/sitio\/wp-json\/wp\/v2\/comments?post=36449"}],"version-history":[{"count":2,"href":"https:\/\/eldiariodesanpedro.com.ar\/sitio\/wp-json\/wp\/v2\/posts\/36449\/revisions"}],"predecessor-version":[{"id":36458,"href":"https:\/\/eldiariodesanpedro.com.ar\/sitio\/wp-json\/wp\/v2\/posts\/36449\/revisions\/36458"}],"wp:featuredmedia":[{"embeddable":true,"href":"https:\/\/eldiariodesanpedro.com.ar\/sitio\/wp-json\/wp\/v2\/media\/22931"}],"wp:attachment":[{"href":"https:\/\/eldiariodesanpedro.com.ar\/sitio\/wp-json\/wp\/v2\/media?parent=36449"}],"wp:term":[{"taxonomy":"category","embeddable":true,"href":"https:\/\/eldiariodesanpedro.com.ar\/sitio\/wp-json\/wp\/v2\/categories?post=36449"},{"taxonomy":"post_tag","embeddable":true,"href":"https:\/\/eldiariodesanpedro.com.ar\/sitio\/wp-json\/wp\/v2\/tags?post=36449"}],"curies":[{"name":"wp","href":"https:\/\/api.w.org\/{rel}","templated":true}]}}