{"id":36444,"date":"2018-07-13T20:45:04","date_gmt":"2018-07-13T23:45:04","guid":{"rendered":"https:\/\/eldiariodesanpedro.com.ar\/sitio\/?p=36444"},"modified":"2026-01-24T00:13:17","modified_gmt":"2026-01-24T03:13:17","slug":"patin-artistico-varios-clasificados-al-nacional-de-san-luis-y-rosario","status":"publish","type":"post","link":"https:\/\/eldiariodesanpedro.com.ar\/sitio\/patin-artistico-varios-clasificados-al-nacional-de-san-luis-y-rosario\/","title":{"rendered":"PAT\u00cdN ARTIST\u00cdCO: Varios clasificados al Nacional de San Luis y Rosario"},"content":{"rendered":"<p><!-- VideographyWP Plugin Message: Automatic video embedding prevented by plugin options. --><br \/>\n  Este fin de semana se llev\u00f3 a cabo el Selectivo para el Nacional categor\u00eda \u201cC\u201d en las instalaciones del club Lan\u00fas. Las federaciones que participaron de esta regi\u00f3n fueron UEP, LAPAL y Rioplatense.<br \/>\n  Del Club Pescadores y representando a la Uni\u00f3n de Entrenadores de Pat\u00edn (UEP), participaron M\u00eda Pereyra, Emilio Mohlinger y Renata Bernardi logrando clasificar los 3 deportistas a la final del Campeonato Argentino de Pat\u00edn, divisional \u201cC\u201d se llevar\u00e1 a cabo en agosto en San Luis, Copa Roberto Rodr\u00edguez que es para las categor\u00edas escuela formativa, 5ta \u201cC\u201d y 4ta \u201cC\u201d.<\/p>\n<p><strong>Ernestina Eguino clasific\u00f3 al Nacional<\/strong><br \/>\n  Debut absoluto en un selectivo en la ciudad de Monte Hermoso, Ernestina Eguino clasific\u00f3 para el Nacional que se llevar\u00e1 a cabo en setiembre, Rosario.<br \/>\n  La representante del Club Atl\u00e9tico Mitre logr\u00f3 el quinto puesto en escuela, primer puesto en libre y primer puesto en combinada.<\/p>\n<p><strong>Otro equipo de Mitre en Los Toldos<\/strong><br \/>\n  Un equipo de patinadoras del club Mitre participaron en el Torneo Regional de Los Toldos, provincia de Buenos Aires, junto a l entrenadora M. Paula Ferreyra.  Compitieron Ernestina Eguino, Quimey Rodr\u00edguez, Mar\u00eda Bel\u00e9n Malacalza y \u00c1ngeles Villa.<\/p>\n<p><strong>Demostraci\u00f3n de grupo inicial en Mitre<\/strong><br \/>\n  El domingo 24 de junio realizar\u00e1n una demostraci\u00f3n con el grupo inicial 2017 y 2018 en las instalaciones de nuestro club para mostrarles a sus familias lo aprendido en el a\u00f1o.<\/p>\n","protected":false},"excerpt":{"rendered":"<p>Este fin de semana se llev\u00f3 a cabo el Selectivo para el Nacional categor\u00eda \u201cC\u201d en las instalaciones del club Lan\u00fas. Las federaciones que participaron de esta regi\u00f3n fueron UEP, LAPAL y Rioplatense. Del Club Pescadores y representando a la Uni\u00f3n de Entrenadores de Pat\u00edn (UEP), participaron M\u00eda Pereyra, Emilio Mohlinger y Renata Bernardi logrando [&hellip;]<\/p>\n","protected":false},"author":4,"featured_media":17286,"comment_status":"open","ping_status":"closed","sticky":false,"template":"","format":"standard","meta":{"om_disable_all_campaigns":false,"_jetpack_memberships_contains_paid_content":false,"footnotes":""},"categories":[5],"tags":[],"class_list":["post-36444","post","type-post","status-publish","format-standard","has-post-thumbnail","hentry","category-deportes"],"aioseo_notices":[],"gutentor_comment":0,"jetpack_featured_media_url":"https:\/\/eldiariodesanpedro.com.ar\/sitio\/wp-content\/uploads\/2017\/04\/patin-artistico.jpg","jetpack_shortlink":"https:\/\/wp.me\/p6RhLt-9tO","jetpack_sharing_enabled":true,"_links":{"self":[{"href":"https:\/\/eldiariodesanpedro.com.ar\/sitio\/wp-json\/wp\/v2\/posts\/36444","targetHints":{"allow":["GET"]}}],"collection":[{"href":"https:\/\/eldiariodesanpedro.com.ar\/sitio\/wp-json\/wp\/v2\/posts"}],"about":[{"href":"https:\/\/eldiariodesanpedro.com.ar\/sitio\/wp-json\/wp\/v2\/types\/post"}],"author":[{"embeddable":true,"href":"https:\/\/eldiariodesanpedro.com.ar\/sitio\/wp-json\/wp\/v2\/users\/4"}],"replies":[{"embeddable":true,"href":"https:\/\/eldiariodesanpedro.com.ar\/sitio\/wp-json\/wp\/v2\/comments?post=36444"}],"version-history":[{"count":2,"href":"https:\/\/eldiariodesanpedro.com.ar\/sitio\/wp-json\/wp\/v2\/posts\/36444\/revisions"}],"predecessor-version":[{"id":36450,"href":"https:\/\/eldiariodesanpedro.com.ar\/sitio\/wp-json\/wp\/v2\/posts\/36444\/revisions\/36450"}],"wp:featuredmedia":[{"embeddable":true,"href":"https:\/\/eldiariodesanpedro.com.ar\/sitio\/wp-json\/wp\/v2\/media\/17286"}],"wp:attachment":[{"href":"https:\/\/eldiariodesanpedro.com.ar\/sitio\/wp-json\/wp\/v2\/media?parent=36444"}],"wp:term":[{"taxonomy":"category","embeddable":true,"href":"https:\/\/eldiariodesanpedro.com.ar\/sitio\/wp-json\/wp\/v2\/categories?post=36444"},{"taxonomy":"post_tag","embeddable":true,"href":"https:\/\/eldiariodesanpedro.com.ar\/sitio\/wp-json\/wp\/v2\/tags?post=36444"}],"curies":[{"name":"wp","href":"https:\/\/api.w.org\/{rel}","templated":true}]}}