{"id":36440,"date":"2018-07-13T20:42:16","date_gmt":"2018-07-13T23:42:16","guid":{"rendered":"https:\/\/eldiariodesanpedro.com.ar\/sitio\/?p=36440"},"modified":"2026-01-24T00:13:17","modified_gmt":"2026-01-24T03:13:17","slug":"federacion-norte-de-futbol-en-la-reunion-de-hoy-reunion-en-arrecifes-se-determinara-la-fecha-de-comienzo-del-sub-15","status":"publish","type":"post","link":"https:\/\/eldiariodesanpedro.com.ar\/sitio\/federacion-norte-de-futbol-en-la-reunion-de-hoy-reunion-en-arrecifes-se-determinara-la-fecha-de-comienzo-del-sub-15\/","title":{"rendered":"FEDERACI\u00d3N NORTE DE F\u00daTBOL: En la reuni\u00f3n de hoy reuni\u00f3n en Arrecifes se determinar\u00e1 la fecha de comienzo del Sub 15"},"content":{"rendered":"<p><!-- VideographyWP Plugin Message: Automatic video embedding prevented by plugin options. --><br \/>\nEl Torneo Nacional Sub 15 dar\u00e1 inicio a la brevedad, teniendo en cuenta que el Consejo Federal fij\u00f3 octubre para su finalizaci\u00f3n en la etapa regional.<\/p>\n<p>  La ronda clasificatoria, o \u00fanica, para nuestra selecci\u00f3n, la coordinar\u00e1 Federaci\u00f3n Norte de F\u00fatbol, como viene sucediendo en los \u00faltimos a\u00f1os y este s\u00e1bado en el club Obras Sanitarias de Arrecifes a las 14:00 horas se llevar\u00e1 a cabo la reuni\u00f3n mensual y se espera novedades importantes.<\/p>\n<p>  A fines de la semana anterior hubo una reuni\u00f3n en AFA entre las tres federaciones de la provincia, a la cual habr\u00eda llegado a un acuerdo de permitir por cercan\u00eda que ligas de una federaci\u00f3n puedan jugar en otra, a solicitud del Presidente Ejecutivo del Consejo Federal, Pablo Toviggino, en el encuentro llevado a cabo en Chivilcoy y en el cual adelantamos en exclusiva para nuestra zona semanas atr\u00e1s.<\/p>\n<p>  Ello no modificar\u00eda el desarrollo del certamen, sumando mayor cantidad de ligas en el juego se ganar\u00e1 en calidad de torneo.<\/p>\n<p>  El seleccionado de la Liga Sampedrina a cargo del entrenador Gerardo Biain se encuentra trabajando en el campo de deportes \u00abPablo Noat\u00bb dos veces a la semana y en pocos d\u00edas deber\u00e1 hacer conocer la lista definitiva de jugadores que ser\u00e1n parte del torneo.<\/p>\n<p>  En la vecina ciudad de Baradero, Mario M\u00e9ndez tambi\u00e9n est\u00e1 en pleno trabajo, pensando en la vuelta a un torneo regional de una selecci\u00f3n juvenil, en este caso y luego de muchos a\u00f1os, con un Sub 15.<\/p>\n","protected":false},"excerpt":{"rendered":"<p>El Torneo Nacional Sub 15 dar\u00e1 inicio a la brevedad, teniendo en cuenta que el Consejo Federal fij\u00f3 octubre para su finalizaci\u00f3n en la etapa regional. La ronda clasificatoria, o \u00fanica, para nuestra selecci\u00f3n, la coordinar\u00e1 Federaci\u00f3n Norte de F\u00fatbol, como viene sucediendo en los \u00faltimos a\u00f1os y este s\u00e1bado en el club Obras Sanitarias [&hellip;]<\/p>\n","protected":false},"author":4,"featured_media":35528,"comment_status":"open","ping_status":"closed","sticky":false,"template":"","format":"standard","meta":{"om_disable_all_campaigns":false,"_jetpack_memberships_contains_paid_content":false,"footnotes":""},"categories":[5],"tags":[],"class_list":["post-36440","post","type-post","status-publish","format-standard","has-post-thumbnail","hentry","category-deportes"],"aioseo_notices":[],"gutentor_comment":0,"jetpack_featured_media_url":"https:\/\/eldiariodesanpedro.com.ar\/sitio\/wp-content\/uploads\/2018\/06\/futbol-5.jpg","jetpack_shortlink":"https:\/\/wp.me\/p6RhLt-9tK","jetpack_sharing_enabled":true,"_links":{"self":[{"href":"https:\/\/eldiariodesanpedro.com.ar\/sitio\/wp-json\/wp\/v2\/posts\/36440","targetHints":{"allow":["GET"]}}],"collection":[{"href":"https:\/\/eldiariodesanpedro.com.ar\/sitio\/wp-json\/wp\/v2\/posts"}],"about":[{"href":"https:\/\/eldiariodesanpedro.com.ar\/sitio\/wp-json\/wp\/v2\/types\/post"}],"author":[{"embeddable":true,"href":"https:\/\/eldiariodesanpedro.com.ar\/sitio\/wp-json\/wp\/v2\/users\/4"}],"replies":[{"embeddable":true,"href":"https:\/\/eldiariodesanpedro.com.ar\/sitio\/wp-json\/wp\/v2\/comments?post=36440"}],"version-history":[{"count":2,"href":"https:\/\/eldiariodesanpedro.com.ar\/sitio\/wp-json\/wp\/v2\/posts\/36440\/revisions"}],"predecessor-version":[{"id":36443,"href":"https:\/\/eldiariodesanpedro.com.ar\/sitio\/wp-json\/wp\/v2\/posts\/36440\/revisions\/36443"}],"wp:featuredmedia":[{"embeddable":true,"href":"https:\/\/eldiariodesanpedro.com.ar\/sitio\/wp-json\/wp\/v2\/media\/35528"}],"wp:attachment":[{"href":"https:\/\/eldiariodesanpedro.com.ar\/sitio\/wp-json\/wp\/v2\/media?parent=36440"}],"wp:term":[{"taxonomy":"category","embeddable":true,"href":"https:\/\/eldiariodesanpedro.com.ar\/sitio\/wp-json\/wp\/v2\/categories?post=36440"},{"taxonomy":"post_tag","embeddable":true,"href":"https:\/\/eldiariodesanpedro.com.ar\/sitio\/wp-json\/wp\/v2\/tags?post=36440"}],"curies":[{"name":"wp","href":"https:\/\/api.w.org\/{rel}","templated":true}]}}