{"id":36428,"date":"2018-07-13T20:35:21","date_gmt":"2018-07-13T23:35:21","guid":{"rendered":"https:\/\/eldiariodesanpedro.com.ar\/sitio\/?p=36428"},"modified":"2026-01-24T00:13:18","modified_gmt":"2026-01-24T03:13:18","slug":"futbol-local-comienza-a-jugarse-las-finales-del-torneo-apertura-las-palmeras-y-mitre-definen-el-torneo-mayor","status":"publish","type":"post","link":"https:\/\/eldiariodesanpedro.com.ar\/sitio\/futbol-local-comienza-a-jugarse-las-finales-del-torneo-apertura-las-palmeras-y-mitre-definen-el-torneo-mayor\/","title":{"rendered":"F\u00daTBOL LOCAL: Comienza a jugarse las finales del Torneo Apertura. Las Palmeras y Mitre definen el Torneo mayor"},"content":{"rendered":"<p><!-- VideographyWP Plugin Message: Automatic video embedding prevented by plugin options. --><br \/>\nHoy se jugar\u00e1n todos los partidos de Quinta divisi\u00f3n a Sub 21 y para ma\u00f1ana la final de primera. Ser\u00e1n los partidos de ida del Torneo Apertura Anual Clasificatorio \u201cJorge Santiso\u201d que organiza la Liga Deportiva Sampedrina. <\/p>\n<p><strong>Programa de partidos<\/strong><br \/>\n<strong>Partidos de ida<\/strong><br \/>\n<em>Quinta:<\/em><br \/>\nParan\u00e1 FC vs Independencia FC, s\u00e1bado 14\/07 a las 14:00 horas (Paran\u00e1)<br \/>\n<em>Cuarta:<\/em><br \/>\nLa Esperanza vs.  Paran\u00e1 FC, s\u00e1bado 14\/07 a las 16:00 horas (La Esperanza)<br \/>\n<em>Tercera:<\/em><br \/>\nAgricultores Club vs. Mitre, s\u00e1bado 14\/07 a las 16:00 horas (Agricultores)<\/p>\n<p><strong>Sub 21<\/strong><br \/>\nLa Esperanza vs. Def. Unidos, s\u00e1bado 14\/07, a las 14:30 horas (La Esperanza)<br \/>\n<em>Primera:<\/em><br \/>\nLas Palmeras vs. Mitre, domingo 15\/07, a las 15:30 horas (Las Palmeras)<\/p>\n","protected":false},"excerpt":{"rendered":"<p>Hoy se jugar\u00e1n todos los partidos de Quinta divisi\u00f3n a Sub 21 y para ma\u00f1ana la final de primera. Ser\u00e1n los partidos de ida del Torneo Apertura Anual Clasificatorio \u201cJorge Santiso\u201d que organiza la Liga Deportiva Sampedrina. Programa de partidos Partidos de ida Quinta: Paran\u00e1 FC vs Independencia FC, s\u00e1bado 14\/07 a las 14:00 horas [&hellip;]<\/p>\n","protected":false},"author":4,"featured_media":17907,"comment_status":"open","ping_status":"closed","sticky":false,"template":"","format":"standard","meta":{"om_disable_all_campaigns":false,"_jetpack_memberships_contains_paid_content":false,"footnotes":""},"categories":[5],"tags":[],"class_list":["post-36428","post","type-post","status-publish","format-standard","has-post-thumbnail","hentry","category-deportes"],"aioseo_notices":[],"gutentor_comment":0,"jetpack_featured_media_url":"https:\/\/eldiariodesanpedro.com.ar\/sitio\/wp-content\/uploads\/2017\/04\/futbol-balon.jpg","jetpack_shortlink":"https:\/\/wp.me\/p6RhLt-9ty","jetpack_sharing_enabled":true,"_links":{"self":[{"href":"https:\/\/eldiariodesanpedro.com.ar\/sitio\/wp-json\/wp\/v2\/posts\/36428","targetHints":{"allow":["GET"]}}],"collection":[{"href":"https:\/\/eldiariodesanpedro.com.ar\/sitio\/wp-json\/wp\/v2\/posts"}],"about":[{"href":"https:\/\/eldiariodesanpedro.com.ar\/sitio\/wp-json\/wp\/v2\/types\/post"}],"author":[{"embeddable":true,"href":"https:\/\/eldiariodesanpedro.com.ar\/sitio\/wp-json\/wp\/v2\/users\/4"}],"replies":[{"embeddable":true,"href":"https:\/\/eldiariodesanpedro.com.ar\/sitio\/wp-json\/wp\/v2\/comments?post=36428"}],"version-history":[{"count":2,"href":"https:\/\/eldiariodesanpedro.com.ar\/sitio\/wp-json\/wp\/v2\/posts\/36428\/revisions"}],"predecessor-version":[{"id":36437,"href":"https:\/\/eldiariodesanpedro.com.ar\/sitio\/wp-json\/wp\/v2\/posts\/36428\/revisions\/36437"}],"wp:featuredmedia":[{"embeddable":true,"href":"https:\/\/eldiariodesanpedro.com.ar\/sitio\/wp-json\/wp\/v2\/media\/17907"}],"wp:attachment":[{"href":"https:\/\/eldiariodesanpedro.com.ar\/sitio\/wp-json\/wp\/v2\/media?parent=36428"}],"wp:term":[{"taxonomy":"category","embeddable":true,"href":"https:\/\/eldiariodesanpedro.com.ar\/sitio\/wp-json\/wp\/v2\/categories?post=36428"},{"taxonomy":"post_tag","embeddable":true,"href":"https:\/\/eldiariodesanpedro.com.ar\/sitio\/wp-json\/wp\/v2\/tags?post=36428"}],"curies":[{"name":"wp","href":"https:\/\/api.w.org\/{rel}","templated":true}]}}