{"id":36425,"date":"2018-07-13T20:33:01","date_gmt":"2018-07-13T23:33:01","guid":{"rendered":"https:\/\/eldiariodesanpedro.com.ar\/sitio\/?p=36425"},"modified":"2018-07-13T20:34:28","modified_gmt":"2018-07-13T23:34:28","slug":"robo-en-un-comercio-a-mano-armada-en-pleno-centro","status":"publish","type":"post","link":"https:\/\/eldiariodesanpedro.com.ar\/sitio\/robo-en-un-comercio-a-mano-armada-en-pleno-centro\/","title":{"rendered":"Robo en un comercio a mano armada en pleno centro (Video)"},"content":{"rendered":"<p><!-- VideographyWP Plugin Message: Automatic video embedding prevented by plugin options. --><br \/>\nEn la tarde de este viernes alrededor de las 17:55 se registro un robo en un local comercial del rubro tienda de ropa.<\/p>\n<p>Dos delincuentes ingresaron en el comercio ubicado en calle Mitre a metros de la Av. 3 de Febrero donde robaron indumentaria en la modalidad mecheros, la propietaria del local a trav\u00e9s de las c\u00e1maras de seguridad logr\u00f3 detectar lo que los delincuentes estaban haciendo por eso al momento que se retiraba, la mujer con un palo de escoba en mano trato de frenar y les pidi\u00f3 que les muestren lo que llevaban debajo de sus prendas a lo que los delincuentes se negaron e intentaron darse a la fuga, al esta mujer tratar de evitar que salgan uno de los malvivientes saca un revolver de entre sus ropas logrando escaparse del lugar en una motocicleta 125 cc tipo cross.<\/p>\n<p>Afortunadamente no hubo heridos y todo el hecho quedo registrado por las camaras de seguridad del comercio. Por lo que ya fueron identificados.<\/p>\n","protected":false},"excerpt":{"rendered":"<p>En la tarde de este viernes alrededor de las 17:55 se registro un robo en un local comercial del rubro tienda de ropa. Dos delincuentes ingresaron en el comercio ubicado en calle Mitre a metros de la Av. 3 de Febrero donde robaron indumentaria en la modalidad mecheros, la propietaria del local a trav\u00e9s de [&hellip;]<\/p>\n","protected":false},"author":4,"featured_media":36427,"comment_status":"open","ping_status":"closed","sticky":false,"template":"","format":"standard","meta":{"om_disable_all_campaigns":false,"_jetpack_memberships_contains_paid_content":false,"footnotes":""},"categories":[2,103],"tags":[],"class_list":["post-36425","post","type-post","status-publish","format-standard","has-post-thumbnail","hentry","category-locales","category-policiales-locales"],"aioseo_notices":[],"gutentor_comment":0,"jetpack_featured_media_url":"https:\/\/eldiariodesanpedro.com.ar\/sitio\/wp-content\/uploads\/2018\/07\/PAGINA-3.png","jetpack_shortlink":"https:\/\/wp.me\/p6RhLt-9tv","jetpack_sharing_enabled":true,"_links":{"self":[{"href":"https:\/\/eldiariodesanpedro.com.ar\/sitio\/wp-json\/wp\/v2\/posts\/36425","targetHints":{"allow":["GET"]}}],"collection":[{"href":"https:\/\/eldiariodesanpedro.com.ar\/sitio\/wp-json\/wp\/v2\/posts"}],"about":[{"href":"https:\/\/eldiariodesanpedro.com.ar\/sitio\/wp-json\/wp\/v2\/types\/post"}],"author":[{"embeddable":true,"href":"https:\/\/eldiariodesanpedro.com.ar\/sitio\/wp-json\/wp\/v2\/users\/4"}],"replies":[{"embeddable":true,"href":"https:\/\/eldiariodesanpedro.com.ar\/sitio\/wp-json\/wp\/v2\/comments?post=36425"}],"version-history":[{"count":2,"href":"https:\/\/eldiariodesanpedro.com.ar\/sitio\/wp-json\/wp\/v2\/posts\/36425\/revisions"}],"predecessor-version":[{"id":36432,"href":"https:\/\/eldiariodesanpedro.com.ar\/sitio\/wp-json\/wp\/v2\/posts\/36425\/revisions\/36432"}],"wp:featuredmedia":[{"embeddable":true,"href":"https:\/\/eldiariodesanpedro.com.ar\/sitio\/wp-json\/wp\/v2\/media\/36427"}],"wp:attachment":[{"href":"https:\/\/eldiariodesanpedro.com.ar\/sitio\/wp-json\/wp\/v2\/media?parent=36425"}],"wp:term":[{"taxonomy":"category","embeddable":true,"href":"https:\/\/eldiariodesanpedro.com.ar\/sitio\/wp-json\/wp\/v2\/categories?post=36425"},{"taxonomy":"post_tag","embeddable":true,"href":"https:\/\/eldiariodesanpedro.com.ar\/sitio\/wp-json\/wp\/v2\/tags?post=36425"}],"curies":[{"name":"wp","href":"https:\/\/api.w.org\/{rel}","templated":true}]}}