{"id":36422,"date":"2018-07-13T20:31:20","date_gmt":"2018-07-13T23:31:20","guid":{"rendered":"https:\/\/eldiariodesanpedro.com.ar\/sitio\/?p=36422"},"modified":"2018-07-13T20:31:20","modified_gmt":"2018-07-13T23:31:20","slug":"escape-de-gas-en-una-vereda-de-la-zona-centrica","status":"publish","type":"post","link":"https:\/\/eldiariodesanpedro.com.ar\/sitio\/escape-de-gas-en-una-vereda-de-la-zona-centrica\/","title":{"rendered":"Escape de gas en una vereda de la zona c\u00e9ntrica"},"content":{"rendered":"<p><!-- VideographyWP Plugin Message: Automatic video embedding prevented by plugin options. --><br \/>\n  Se produjo un escape de gas durante el mediod\u00eda de hoy, tras el da\u00f1o a un ca\u00f1o madre provocado por obreros que trabajaban en la reforma de una vivienda ubicada sobre calle G\u00fcemes al 150.<\/p>\n<p>  Los trabajadores pretend\u00edan sacar un \u00e1rbol de la vereda y, en la b\u00fasqueda de las ra\u00edces, fue que se produjo la rotura del ca\u00f1o madre. <\/p>\n<p>  Personal de Litoral Gas lleg\u00f3 al lugar para llevar adelante tareas de reparaci\u00f3n del mismo y para finalizar con la perdida. Adem\u00e1s, intervino preventivamente una dotaci\u00f3n de Bomberos Voluntarios. Personal de Inspecci\u00f3n realiz\u00f3 el corte de la calle G\u00fcemes a la altura de 25 de Mayo e Ituzaing\u00f3 con el objeto de evitar el paso de transe\u00fantes y autom\u00f3viles por la cuadra. <\/p>\n","protected":false},"excerpt":{"rendered":"<p>Se produjo un escape de gas durante el mediod\u00eda de hoy, tras el da\u00f1o a un ca\u00f1o madre provocado por obreros que trabajaban en la reforma de una vivienda ubicada sobre calle G\u00fcemes al 150. Los trabajadores pretend\u00edan sacar un \u00e1rbol de la vereda y, en la b\u00fasqueda de las ra\u00edces, fue que se produjo [&hellip;]<\/p>\n","protected":false},"author":4,"featured_media":36424,"comment_status":"open","ping_status":"closed","sticky":false,"template":"","format":"standard","meta":{"om_disable_all_campaigns":false,"_jetpack_memberships_contains_paid_content":false,"footnotes":""},"categories":[101,2],"tags":[],"class_list":["post-36422","post","type-post","status-publish","format-standard","has-post-thumbnail","hentry","category-interes-general-locales","category-locales"],"aioseo_notices":[],"gutentor_comment":0,"jetpack_featured_media_url":"https:\/\/eldiariodesanpedro.com.ar\/sitio\/wp-content\/uploads\/2018\/07\/Escape-de-gas-en-una-vereda-de-la-zona-c\u00e9ntrica.jpeg","jetpack_shortlink":"https:\/\/wp.me\/p6RhLt-9ts","jetpack_sharing_enabled":true,"_links":{"self":[{"href":"https:\/\/eldiariodesanpedro.com.ar\/sitio\/wp-json\/wp\/v2\/posts\/36422","targetHints":{"allow":["GET"]}}],"collection":[{"href":"https:\/\/eldiariodesanpedro.com.ar\/sitio\/wp-json\/wp\/v2\/posts"}],"about":[{"href":"https:\/\/eldiariodesanpedro.com.ar\/sitio\/wp-json\/wp\/v2\/types\/post"}],"author":[{"embeddable":true,"href":"https:\/\/eldiariodesanpedro.com.ar\/sitio\/wp-json\/wp\/v2\/users\/4"}],"replies":[{"embeddable":true,"href":"https:\/\/eldiariodesanpedro.com.ar\/sitio\/wp-json\/wp\/v2\/comments?post=36422"}],"version-history":[{"count":1,"href":"https:\/\/eldiariodesanpedro.com.ar\/sitio\/wp-json\/wp\/v2\/posts\/36422\/revisions"}],"predecessor-version":[{"id":36426,"href":"https:\/\/eldiariodesanpedro.com.ar\/sitio\/wp-json\/wp\/v2\/posts\/36422\/revisions\/36426"}],"wp:featuredmedia":[{"embeddable":true,"href":"https:\/\/eldiariodesanpedro.com.ar\/sitio\/wp-json\/wp\/v2\/media\/36424"}],"wp:attachment":[{"href":"https:\/\/eldiariodesanpedro.com.ar\/sitio\/wp-json\/wp\/v2\/media?parent=36422"}],"wp:term":[{"taxonomy":"category","embeddable":true,"href":"https:\/\/eldiariodesanpedro.com.ar\/sitio\/wp-json\/wp\/v2\/categories?post=36422"},{"taxonomy":"post_tag","embeddable":true,"href":"https:\/\/eldiariodesanpedro.com.ar\/sitio\/wp-json\/wp\/v2\/tags?post=36422"}],"curies":[{"name":"wp","href":"https:\/\/api.w.org\/{rel}","templated":true}]}}