{"id":36419,"date":"2018-07-13T20:30:08","date_gmt":"2018-07-13T23:30:08","guid":{"rendered":"https:\/\/eldiariodesanpedro.com.ar\/sitio\/?p=36419"},"modified":"2018-07-13T20:56:44","modified_gmt":"2018-07-13T23:56:44","slug":"flor-a-la-espera-de-su-trasplante-bipulmonar","status":"publish","type":"post","link":"https:\/\/eldiariodesanpedro.com.ar\/sitio\/flor-a-la-espera-de-su-trasplante-bipulmonar\/","title":{"rendered":"Flor a la espera de su Trasplante Bipulmonar"},"content":{"rendered":"<p><!-- VideographyWP Plugin Message: Automatic video embedding prevented by plugin options. --><br \/>\nFlorencia tiene 15 a\u00f1os y est\u00e1 luchando por su vida desde sus 10 d\u00edas de nacida. Esta esperando un trasplante bipulmonar en el hospital italiano y la joven este viernes ingreso a lista de espera para recibir la donaci\u00f3n cuando este disponible un \u00f3rgano compatible.<\/p>\n<p>La sampedrina, desde bebe se encuentra luchando contra una enfermedad llamada Hipertensi\u00f3n Pulmonar Severa, que cambio su vida para siempre, la de ella y su familia; hoy con 15 a\u00f1os, nada la detiene, sigue con su lucha en busca de un trasplante bipulmonar junto a su mam\u00e1 que la acompa\u00f1a en todo momento.<\/p>\n<p>\u00abDONAR SALVA VIDAS Y NOSOTROS NECESITAMOS DE SU AYUDA PARA QUE NUESTRO SOLCITO RECIBA SU OPERACI\u00d3N\u00bb fueron las palabras de Paola, su mam\u00e1.<\/p>\n<p>Con mucha alegria, este viernes, familiares celebraron la noticia que Florencia ya esta preparada para recibir su trasplante al ingresar a la lista de espera del Incucai y ahora deber\u00e1n aguardar que aparezca un donante compatible.<\/p>\n<p>Una de los posteos en las redes sociales mas emotivos fue el de su hermano: \u00abHoy recib\u00ed una de las noticias m\u00e1s importantes de mi vida. Por fin est\u00e1s en lista para recibir tu merecido transplante por el que ven\u00eds luchando hace mucho. Muchas gracias a la mutual Osprera por hacer los tr\u00e1mites lo m\u00e1s pronto posible, gracias familia y amigos por estar, gracias a mi vieja por bancar la parada sola all\u00e1 lejos y gracias a vos mi negra por ense\u00f1arme a amar de esta manera. Paso a paso vamos logrando el objetivo, te amo negrita y estoy con vos siempre Solchu Asuaga\u00bb<\/p>\n<p>A principios de junio de este a\u00f1o, se aprob\u00f3 la Ley Justina en el Senado, que reglamenta que todos los mayores de edad son donantes de \u00f3rganos salvo que se hayan opuesto en vida. En el pa\u00eds, hay 10.500 personas a la espera de un trasplante.<\/p>\n<p><img decoding=\"async\" data-attachment-id=\"36452\" data-permalink=\"https:\/\/eldiariodesanpedro.com.ar\/sitio\/flor-a-la-espera-de-su-trasplante-bipulmonar\/37058992_10217098440839529_6491515430618791936_n\/\" data-orig-file=\"https:\/\/eldiariodesanpedro.com.ar\/sitio\/wp-content\/uploads\/2018\/07\/37058992_10217098440839529_6491515430618791936_n.jpg\" data-orig-size=\"648,1152\" data-comments-opened=\"1\" data-image-meta=\"{&quot;aperture&quot;:&quot;0&quot;,&quot;credit&quot;:&quot;&quot;,&quot;camera&quot;:&quot;&quot;,&quot;caption&quot;:&quot;&quot;,&quot;created_timestamp&quot;:&quot;0&quot;,&quot;copyright&quot;:&quot;&quot;,&quot;focal_length&quot;:&quot;0&quot;,&quot;iso&quot;:&quot;0&quot;,&quot;shutter_speed&quot;:&quot;0&quot;,&quot;title&quot;:&quot;&quot;,&quot;orientation&quot;:&quot;0&quot;}\" data-image-title=\"37058992_10217098440839529_6491515430618791936_n\" data-image-description=\"\" data-image-caption=\"\" data-large-file=\"https:\/\/eldiariodesanpedro.com.ar\/sitio\/wp-content\/uploads\/2018\/07\/37058992_10217098440839529_6491515430618791936_n-576x1024.jpg\" class=\"size-large wp-image-36452 aligncenter lazyload\" data-src=\"https:\/\/eldiariodesanpedro.com.ar\/sitio\/wp-content\/uploads\/2018\/07\/37058992_10217098440839529_6491515430618791936_n-576x1024.jpg\" alt=\"\" width=\"576\" height=\"1024\" data-srcset=\"https:\/\/eldiariodesanpedro.com.ar\/sitio\/wp-content\/uploads\/2018\/07\/37058992_10217098440839529_6491515430618791936_n-576x1024.jpg 576w, https:\/\/eldiariodesanpedro.com.ar\/sitio\/wp-content\/uploads\/2018\/07\/37058992_10217098440839529_6491515430618791936_n-169x300.jpg 169w, https:\/\/eldiariodesanpedro.com.ar\/sitio\/wp-content\/uploads\/2018\/07\/37058992_10217098440839529_6491515430618791936_n.jpg 648w\" data-sizes=\"(max-width: 576px) 100vw, 576px\" src=\"data:image\/svg+xml;base64,PHN2ZyB3aWR0aD0iMSIgaGVpZ2h0PSIxIiB4bWxucz0iaHR0cDovL3d3dy53My5vcmcvMjAwMC9zdmciPjwvc3ZnPg==\" style=\"--smush-placeholder-width: 576px; --smush-placeholder-aspect-ratio: 576\/1024;\" \/><img decoding=\"async\" data-attachment-id=\"36453\" data-permalink=\"https:\/\/eldiariodesanpedro.com.ar\/sitio\/flor-a-la-espera-de-su-trasplante-bipulmonar\/pagina-5-168\/\" data-orig-file=\"https:\/\/eldiariodesanpedro.com.ar\/sitio\/wp-content\/uploads\/2018\/07\/PAGINA-5-1.jpg\" data-orig-size=\"720,1280\" data-comments-opened=\"1\" data-image-meta=\"{&quot;aperture&quot;:&quot;0&quot;,&quot;credit&quot;:&quot;&quot;,&quot;camera&quot;:&quot;&quot;,&quot;caption&quot;:&quot;&quot;,&quot;created_timestamp&quot;:&quot;0&quot;,&quot;copyright&quot;:&quot;&quot;,&quot;focal_length&quot;:&quot;0&quot;,&quot;iso&quot;:&quot;0&quot;,&quot;shutter_speed&quot;:&quot;0&quot;,&quot;title&quot;:&quot;&quot;,&quot;orientation&quot;:&quot;0&quot;}\" data-image-title=\"PAGINA 5\" data-image-description=\"\" data-image-caption=\"\" data-large-file=\"https:\/\/eldiariodesanpedro.com.ar\/sitio\/wp-content\/uploads\/2018\/07\/PAGINA-5-1-576x1024.jpg\" class=\"size-large wp-image-36453 aligncenter lazyload\" data-src=\"https:\/\/eldiariodesanpedro.com.ar\/sitio\/wp-content\/uploads\/2018\/07\/PAGINA-5-1-576x1024.jpg\" alt=\"\" width=\"576\" height=\"1024\" data-srcset=\"https:\/\/eldiariodesanpedro.com.ar\/sitio\/wp-content\/uploads\/2018\/07\/PAGINA-5-1-576x1024.jpg 576w, https:\/\/eldiariodesanpedro.com.ar\/sitio\/wp-content\/uploads\/2018\/07\/PAGINA-5-1-169x300.jpg 169w, https:\/\/eldiariodesanpedro.com.ar\/sitio\/wp-content\/uploads\/2018\/07\/PAGINA-5-1.jpg 720w\" data-sizes=\"(max-width: 576px) 100vw, 576px\" src=\"data:image\/svg+xml;base64,PHN2ZyB3aWR0aD0iMSIgaGVpZ2h0PSIxIiB4bWxucz0iaHR0cDovL3d3dy53My5vcmcvMjAwMC9zdmciPjwvc3ZnPg==\" style=\"--smush-placeholder-width: 576px; --smush-placeholder-aspect-ratio: 576\/1024;\" \/><\/p>\n","protected":false},"excerpt":{"rendered":"<p>Florencia tiene 15 a\u00f1os y est\u00e1 luchando por su vida desde sus 10 d\u00edas de nacida. Esta esperando un trasplante bipulmonar en el hospital italiano y la joven este viernes ingreso a lista de espera para recibir la donaci\u00f3n cuando este disponible un \u00f3rgano compatible. La sampedrina, desde bebe se encuentra luchando contra una enfermedad [&hellip;]<\/p>\n","protected":false},"author":4,"featured_media":36421,"comment_status":"open","ping_status":"closed","sticky":false,"template":"","format":"standard","meta":{"om_disable_all_campaigns":false,"_jetpack_memberships_contains_paid_content":false,"footnotes":""},"categories":[50,2,103],"tags":[],"class_list":["post-36419","post","type-post","status-publish","format-standard","has-post-thumbnail","hentry","category-destacadas","category-locales","category-policiales-locales"],"aioseo_notices":[],"gutentor_comment":0,"jetpack_featured_media_url":"https:\/\/eldiariodesanpedro.com.ar\/sitio\/wp-content\/uploads\/2018\/07\/37117198_10209159576984836_4098774886430801920_n.png","jetpack_shortlink":"https:\/\/wp.me\/p6RhLt-9tp","jetpack_sharing_enabled":true,"_links":{"self":[{"href":"https:\/\/eldiariodesanpedro.com.ar\/sitio\/wp-json\/wp\/v2\/posts\/36419","targetHints":{"allow":["GET"]}}],"collection":[{"href":"https:\/\/eldiariodesanpedro.com.ar\/sitio\/wp-json\/wp\/v2\/posts"}],"about":[{"href":"https:\/\/eldiariodesanpedro.com.ar\/sitio\/wp-json\/wp\/v2\/types\/post"}],"author":[{"embeddable":true,"href":"https:\/\/eldiariodesanpedro.com.ar\/sitio\/wp-json\/wp\/v2\/users\/4"}],"replies":[{"embeddable":true,"href":"https:\/\/eldiariodesanpedro.com.ar\/sitio\/wp-json\/wp\/v2\/comments?post=36419"}],"version-history":[{"count":4,"href":"https:\/\/eldiariodesanpedro.com.ar\/sitio\/wp-json\/wp\/v2\/posts\/36419\/revisions"}],"predecessor-version":[{"id":36455,"href":"https:\/\/eldiariodesanpedro.com.ar\/sitio\/wp-json\/wp\/v2\/posts\/36419\/revisions\/36455"}],"wp:featuredmedia":[{"embeddable":true,"href":"https:\/\/eldiariodesanpedro.com.ar\/sitio\/wp-json\/wp\/v2\/media\/36421"}],"wp:attachment":[{"href":"https:\/\/eldiariodesanpedro.com.ar\/sitio\/wp-json\/wp\/v2\/media?parent=36419"}],"wp:term":[{"taxonomy":"category","embeddable":true,"href":"https:\/\/eldiariodesanpedro.com.ar\/sitio\/wp-json\/wp\/v2\/categories?post=36419"},{"taxonomy":"post_tag","embeddable":true,"href":"https:\/\/eldiariodesanpedro.com.ar\/sitio\/wp-json\/wp\/v2\/tags?post=36419"}],"curies":[{"name":"wp","href":"https:\/\/api.w.org\/{rel}","templated":true}]}}