{"id":36400,"date":"2018-07-13T17:10:50","date_gmt":"2018-07-13T20:10:50","guid":{"rendered":"https:\/\/eldiariodesanpedro.com.ar\/sitio\/?p=36400"},"modified":"2018-07-13T17:10:50","modified_gmt":"2018-07-13T20:10:50","slug":"campana-rompen-el-auto-y-golpean-brutalmente-al-dt-de-villa-dalmine-felipe-de-la-riva","status":"publish","type":"post","link":"https:\/\/eldiariodesanpedro.com.ar\/sitio\/campana-rompen-el-auto-y-golpean-brutalmente-al-dt-de-villa-dalmine-felipe-de-la-riva\/","title":{"rendered":"CAMPANA: Rompen el auto y golpean brutalmente al DT de Villa D\u00e1lmine, Felipe De la Riva"},"content":{"rendered":"<p><!-- VideographyWP Plugin Message: Automatic video embedding prevented by plugin options. --><br \/>\nEn di\u00e1logo con CN, el entrenador violeta se\u00f1al\u00f3 que un grupo de dos delincuentes le habr\u00edan arrojado piedras al veh\u00edculo con la intenci\u00f3n de que \u00e9ste aminore o detenga la marcha. Una vez logrado este cometido, le sustrajeron varias pertenencias y lo golpearon brutalmente.  <\/p>\n<p>El actual DT de Villa D\u00e1lmine, fue v\u00edctima de la inseguridad en el conurbano bonaerense cuando ayer, en horas de la tarde, en Bella Vista, varios delincuentes lo asaltaron.<\/p>\n<p>Seg\u00fan coment\u00f3 en propio DT a Campana Noticias, circulaba en su auto cuando  delincuentes le habr\u00edan arrojado diversas piedras al veh\u00edculo con intenciones de hacerlo aminorar y\/o detener la marcha para poder robarle.<\/p>\n<p>Es en ese momento que se habr\u00eda producido la agresi\u00f3n y la sustracci\u00f3n de dinero y otros elementos personales del entrenador \u201cvioleta\u201d, quien precis\u00f3 que se tratar\u00eda de al menos cuatro sujetos, y que incluso lo habr\u00edan golpeado con una piedra de gran tama\u00f1o, hasta herirlo.<\/p>\n<p>Inmediatamente, integrantes de la Comisi\u00f3n Directiva se pusieron al habla y a disposici\u00f3n del DT, para lo que correspondiera necesario gestionar ante las autoridades policiales. <\/p>\n<p>De la misma manera, el uruguayo fue trasladado a un centro asistencial de la zona donde recibi\u00f3 las primeras curaciones ya que, producto de la brutal golpiza, y tal como se aprecia en la fotograf\u00eda, sufri\u00f3 un corte en el cuero cabelludo con sangrado importante.<\/p>\n<p>Desde este lugar de trabajo, le deseamos a Felipe De la Riva una pronta recuperaci\u00f3n.<\/p>\n","protected":false},"excerpt":{"rendered":"<p>En di\u00e1logo con CN, el entrenador violeta se\u00f1al\u00f3 que un grupo de dos delincuentes le habr\u00edan arrojado piedras al veh\u00edculo con la intenci\u00f3n de que \u00e9ste aminore o detenga la marcha. Una vez logrado este cometido, le sustrajeron varias pertenencias y lo golpearon brutalmente. El actual DT de Villa D\u00e1lmine, fue v\u00edctima de la inseguridad [&hellip;]<\/p>\n","protected":false},"author":4,"featured_media":36401,"comment_status":"open","ping_status":"closed","sticky":false,"template":"","format":"standard","meta":{"om_disable_all_campaigns":false,"_jetpack_memberships_contains_paid_content":false,"footnotes":""},"categories":[621],"tags":[],"class_list":["post-36400","post","type-post","status-publish","format-standard","has-post-thumbnail","hentry","category-regionales"],"aioseo_notices":[],"gutentor_comment":0,"jetpack_featured_media_url":"https:\/\/eldiariodesanpedro.com.ar\/sitio\/wp-content\/uploads\/2018\/07\/20180713083147.jpg","jetpack_shortlink":"https:\/\/wp.me\/p6RhLt-9t6","jetpack_sharing_enabled":true,"_links":{"self":[{"href":"https:\/\/eldiariodesanpedro.com.ar\/sitio\/wp-json\/wp\/v2\/posts\/36400","targetHints":{"allow":["GET"]}}],"collection":[{"href":"https:\/\/eldiariodesanpedro.com.ar\/sitio\/wp-json\/wp\/v2\/posts"}],"about":[{"href":"https:\/\/eldiariodesanpedro.com.ar\/sitio\/wp-json\/wp\/v2\/types\/post"}],"author":[{"embeddable":true,"href":"https:\/\/eldiariodesanpedro.com.ar\/sitio\/wp-json\/wp\/v2\/users\/4"}],"replies":[{"embeddable":true,"href":"https:\/\/eldiariodesanpedro.com.ar\/sitio\/wp-json\/wp\/v2\/comments?post=36400"}],"version-history":[{"count":1,"href":"https:\/\/eldiariodesanpedro.com.ar\/sitio\/wp-json\/wp\/v2\/posts\/36400\/revisions"}],"predecessor-version":[{"id":36402,"href":"https:\/\/eldiariodesanpedro.com.ar\/sitio\/wp-json\/wp\/v2\/posts\/36400\/revisions\/36402"}],"wp:featuredmedia":[{"embeddable":true,"href":"https:\/\/eldiariodesanpedro.com.ar\/sitio\/wp-json\/wp\/v2\/media\/36401"}],"wp:attachment":[{"href":"https:\/\/eldiariodesanpedro.com.ar\/sitio\/wp-json\/wp\/v2\/media?parent=36400"}],"wp:term":[{"taxonomy":"category","embeddable":true,"href":"https:\/\/eldiariodesanpedro.com.ar\/sitio\/wp-json\/wp\/v2\/categories?post=36400"},{"taxonomy":"post_tag","embeddable":true,"href":"https:\/\/eldiariodesanpedro.com.ar\/sitio\/wp-json\/wp\/v2\/tags?post=36400"}],"curies":[{"name":"wp","href":"https:\/\/api.w.org\/{rel}","templated":true}]}}