{"id":36397,"date":"2018-07-13T17:06:20","date_gmt":"2018-07-13T20:06:20","guid":{"rendered":"https:\/\/eldiariodesanpedro.com.ar\/sitio\/?p=36397"},"modified":"2018-07-13T17:06:20","modified_gmt":"2018-07-13T20:06:20","slug":"asueto-en-la-administracion-publica-y-optativa-en-la-actividad-privada-por-los-111-anos-de-san-pedro-ciudad","status":"publish","type":"post","link":"https:\/\/eldiariodesanpedro.com.ar\/sitio\/asueto-en-la-administracion-publica-y-optativa-en-la-actividad-privada-por-los-111-anos-de-san-pedro-ciudad\/","title":{"rendered":"Asueto en la administraci\u00f3n p\u00fablica y optativa en la actividad privada por los 111 a\u00f1os de San Pedro Ciudad"},"content":{"rendered":"<p><!-- VideographyWP Plugin Message: Automatic video embedding prevented by plugin options. --><br \/>\nComo es habitual todos los a\u00f1os en ocasi\u00f3n de la celebraci\u00f3n del aniversario de la Declaraci\u00f3n de San Pedro Ciudad ocurrida el 25 de Julio de 1907, la Municipalidad a trav\u00e9s de su Direcci\u00f3n de Personal ha elaborado el decreto correspondiente. El mismo consigna que la jornada referida ser\u00e1 NO LABORABLE para la Administraci\u00f3n P\u00fablica Municipal, manteni\u00e9ndose las guardias de los servicios que as\u00ed lo requieren. El sector privado puede optar por adherir a la festividad de la manera que considere m\u00e1s adecuada.<\/p>\n","protected":false},"excerpt":{"rendered":"<p>Como es habitual todos los a\u00f1os en ocasi\u00f3n de la celebraci\u00f3n del aniversario de la Declaraci\u00f3n de San Pedro Ciudad ocurrida el 25 de Julio de 1907, la Municipalidad a trav\u00e9s de su Direcci\u00f3n de Personal ha elaborado el decreto correspondiente. El mismo consigna que la jornada referida ser\u00e1 NO LABORABLE para la Administraci\u00f3n P\u00fablica [&hellip;]<\/p>\n","protected":false},"author":4,"featured_media":36398,"comment_status":"open","ping_status":"closed","sticky":false,"template":"","format":"standard","meta":{"om_disable_all_campaigns":false,"_jetpack_memberships_contains_paid_content":false,"footnotes":""},"categories":[101,2],"tags":[],"class_list":["post-36397","post","type-post","status-publish","format-standard","has-post-thumbnail","hentry","category-interes-general-locales","category-locales"],"aioseo_notices":[],"gutentor_comment":0,"jetpack_featured_media_url":"https:\/\/eldiariodesanpedro.com.ar\/sitio\/wp-content\/uploads\/2018\/07\/unnamed-1-1.png","jetpack_shortlink":"https:\/\/wp.me\/p6RhLt-9t3","jetpack_sharing_enabled":true,"_links":{"self":[{"href":"https:\/\/eldiariodesanpedro.com.ar\/sitio\/wp-json\/wp\/v2\/posts\/36397","targetHints":{"allow":["GET"]}}],"collection":[{"href":"https:\/\/eldiariodesanpedro.com.ar\/sitio\/wp-json\/wp\/v2\/posts"}],"about":[{"href":"https:\/\/eldiariodesanpedro.com.ar\/sitio\/wp-json\/wp\/v2\/types\/post"}],"author":[{"embeddable":true,"href":"https:\/\/eldiariodesanpedro.com.ar\/sitio\/wp-json\/wp\/v2\/users\/4"}],"replies":[{"embeddable":true,"href":"https:\/\/eldiariodesanpedro.com.ar\/sitio\/wp-json\/wp\/v2\/comments?post=36397"}],"version-history":[{"count":1,"href":"https:\/\/eldiariodesanpedro.com.ar\/sitio\/wp-json\/wp\/v2\/posts\/36397\/revisions"}],"predecessor-version":[{"id":36399,"href":"https:\/\/eldiariodesanpedro.com.ar\/sitio\/wp-json\/wp\/v2\/posts\/36397\/revisions\/36399"}],"wp:featuredmedia":[{"embeddable":true,"href":"https:\/\/eldiariodesanpedro.com.ar\/sitio\/wp-json\/wp\/v2\/media\/36398"}],"wp:attachment":[{"href":"https:\/\/eldiariodesanpedro.com.ar\/sitio\/wp-json\/wp\/v2\/media?parent=36397"}],"wp:term":[{"taxonomy":"category","embeddable":true,"href":"https:\/\/eldiariodesanpedro.com.ar\/sitio\/wp-json\/wp\/v2\/categories?post=36397"},{"taxonomy":"post_tag","embeddable":true,"href":"https:\/\/eldiariodesanpedro.com.ar\/sitio\/wp-json\/wp\/v2\/tags?post=36397"}],"curies":[{"name":"wp","href":"https:\/\/api.w.org\/{rel}","templated":true}]}}