{"id":36394,"date":"2018-07-13T16:53:05","date_gmt":"2018-07-13T19:53:05","guid":{"rendered":"https:\/\/eldiariodesanpedro.com.ar\/sitio\/?p=36394"},"modified":"2018-07-13T16:53:05","modified_gmt":"2018-07-13T19:53:05","slug":"nuevo-taller-de-cocina-sin-tacc","status":"publish","type":"post","link":"https:\/\/eldiariodesanpedro.com.ar\/sitio\/nuevo-taller-de-cocina-sin-tacc\/","title":{"rendered":"Nuevo taller de cocina sin TACC"},"content":{"rendered":"<p><!-- VideographyWP Plugin Message: Automatic video embedding prevented by plugin options. --><br \/>\nEn el marco del trabajo en conjunto de la Secretar\u00eda de Salud junto a la Asociaci\u00f3n Celiacos San Pedro para la continua capacitaci\u00f3n y acompa\u00f1amiento de personas con enfermedad cel\u00edaca, el pr\u00f3ximo lunes 16 de julio a las 15 en el Centro de Comercio e Industria de San Pedro, se realizar\u00e1 una demostraci\u00f3n de cocina sin TACC a cargo de \u00c1lvaro Cacho. La entrada es libre y gratuita.<\/p>\n","protected":false},"excerpt":{"rendered":"<p>En el marco del trabajo en conjunto de la Secretar\u00eda de Salud junto a la Asociaci\u00f3n Celiacos San Pedro para la continua capacitaci\u00f3n y acompa\u00f1amiento de personas con enfermedad cel\u00edaca, el pr\u00f3ximo lunes 16 de julio a las 15 en el Centro de Comercio e Industria de San Pedro, se realizar\u00e1 una demostraci\u00f3n de cocina [&hellip;]<\/p>\n","protected":false},"author":4,"featured_media":36395,"comment_status":"open","ping_status":"closed","sticky":false,"template":"","format":"standard","meta":{"om_disable_all_campaigns":false,"_jetpack_memberships_contains_paid_content":false,"footnotes":""},"categories":[101,2],"tags":[],"class_list":["post-36394","post","type-post","status-publish","format-standard","has-post-thumbnail","hentry","category-interes-general-locales","category-locales"],"aioseo_notices":[],"gutentor_comment":0,"jetpack_featured_media_url":"https:\/\/eldiariodesanpedro.com.ar\/sitio\/wp-content\/uploads\/2018\/07\/unnamed-1.png","jetpack_shortlink":"https:\/\/wp.me\/p6RhLt-9t0","jetpack_sharing_enabled":true,"_links":{"self":[{"href":"https:\/\/eldiariodesanpedro.com.ar\/sitio\/wp-json\/wp\/v2\/posts\/36394","targetHints":{"allow":["GET"]}}],"collection":[{"href":"https:\/\/eldiariodesanpedro.com.ar\/sitio\/wp-json\/wp\/v2\/posts"}],"about":[{"href":"https:\/\/eldiariodesanpedro.com.ar\/sitio\/wp-json\/wp\/v2\/types\/post"}],"author":[{"embeddable":true,"href":"https:\/\/eldiariodesanpedro.com.ar\/sitio\/wp-json\/wp\/v2\/users\/4"}],"replies":[{"embeddable":true,"href":"https:\/\/eldiariodesanpedro.com.ar\/sitio\/wp-json\/wp\/v2\/comments?post=36394"}],"version-history":[{"count":1,"href":"https:\/\/eldiariodesanpedro.com.ar\/sitio\/wp-json\/wp\/v2\/posts\/36394\/revisions"}],"predecessor-version":[{"id":36396,"href":"https:\/\/eldiariodesanpedro.com.ar\/sitio\/wp-json\/wp\/v2\/posts\/36394\/revisions\/36396"}],"wp:featuredmedia":[{"embeddable":true,"href":"https:\/\/eldiariodesanpedro.com.ar\/sitio\/wp-json\/wp\/v2\/media\/36395"}],"wp:attachment":[{"href":"https:\/\/eldiariodesanpedro.com.ar\/sitio\/wp-json\/wp\/v2\/media?parent=36394"}],"wp:term":[{"taxonomy":"category","embeddable":true,"href":"https:\/\/eldiariodesanpedro.com.ar\/sitio\/wp-json\/wp\/v2\/categories?post=36394"},{"taxonomy":"post_tag","embeddable":true,"href":"https:\/\/eldiariodesanpedro.com.ar\/sitio\/wp-json\/wp\/v2\/tags?post=36394"}],"curies":[{"name":"wp","href":"https:\/\/api.w.org\/{rel}","templated":true}]}}