{"id":36386,"date":"2018-07-13T15:50:14","date_gmt":"2018-07-13T18:50:14","guid":{"rendered":"https:\/\/eldiariodesanpedro.com.ar\/sitio\/?p=36386"},"modified":"2018-07-13T15:51:18","modified_gmt":"2018-07-13T18:51:18","slug":"san-nicolas-duro-golpe-al-narcomenudeo-en-los-barrios-fraga-y-san-jorge","status":"publish","type":"post","link":"https:\/\/eldiariodesanpedro.com.ar\/sitio\/san-nicolas-duro-golpe-al-narcomenudeo-en-los-barrios-fraga-y-san-jorge\/","title":{"rendered":"SAN NICOL\u00c1S: Duro golpe al \u201cNarcomenudeo\u201d en los barrios Fraga y San Jorge"},"content":{"rendered":"<p><!-- VideographyWP Plugin Message: Automatic video embedding prevented by plugin options. --><br \/>\nEn el marco de una investigaci\u00f3n, llevada a cabo por la Fiscal\u00eda N\u00b01, a cargo de la Dra. Ver\u00f3nica Marcantonio, se efectuaron once allanamientos, en distintos lugares de ventas de drogas, en los Barrios Fraga y San Jorge. En los operativos, en los que participaron m\u00faltiples fuerzas, se concretaron cinco aprehensiones, se secuestraron estupefacientes y numerosas armas, entre las que se destaca un fusil FAL.<\/p>\n<p>La investigaci\u00f3n, llevada a cabo por la Fiscal\u00eda N\u00b01, \u00abtematizada en estupefacientes\u00bb, a cargo de la Agente Fiscal Dra. Mar\u00eda Ver\u00f3nica Marcantonio, se efectuaron m\u00faltiples procedimientos en distintos lugares de ventas de drogas en los Barrios Fraga y San Jorge de la ciudad de San Nicol\u00e1s. Los allanamientos, once en total, se ejecutaron en la tarde de mi\u00e9rcoles y permitieron desbaratar a los encargados de distribuir y comercializar coca\u00edna y marihuana. Dicha organizaci\u00f3n delictiva intra &#8211; familiar y barrial contaba con varios miembros de familias conocidas de esos barrios, que se conformaban en una amplia red de puntos de venta de estupefacientes.<\/p>\n<p>Investigaci\u00f3n dif\u00edcil<\/p>\n<p>Luego de un a\u00f1o de ardua investigaci\u00f3n, y pese a la complejidad que ofrec\u00eda la trama urbana de los mencionados barrios, la distribuci\u00f3n de las viviendas, la disposici\u00f3n de \u00abvig\u00edas\u00bb  armados o \u201csoldaditos\u201d en las inmediaciones de los puntos de ventas para dar aviso de la presencia policial, sumado al estrecho v\u00ednculo familiar existente entre los miembros de la red de vendedores, implic\u00f3 a la justicia el redoblar esfuerzos.<\/p>\n<p>Con la intervenci\u00f3n del Ayudante Fiscal especializado en estupefacientes, Dr. Gustavo Telesco y dem\u00e1s instructores judiciales, la Agente Fiscal Dra. Mar\u00eda Ver\u00f3nica Marcantonio, dispuso que las medidas de investigaci\u00f3n sean efectuadas en conjunto por fuerzas policiales mixtas. Para ello, se aunaron esfuerzos de la Delegaci\u00f3n Departamental de Investigaciones del tr\u00e1fico de Drogas Il\u00edcitas y Polic\u00eda Federal Argentina,  ambas de San Nicol\u00e1s, logr\u00e1ndose obtener las correspondientes \u00f3rdenes de allanamientos expedidas por el Juzgado de Garant\u00edas N\u00b0: 2, a cargo del Juez Ricardo Luis Prati, y proceder a la detenci\u00f3n de cinco personas imputadas de comercializaci\u00f3n de estupefacientes e incautar en poder de los investigados la cantidad de 1.171 gramos de marihuana, 130 gramos de coca\u00edna, ambas sustancias acondicionadas de manera compacta y fraccionada dispuestas para su inmediata comercializaci\u00f3n, la suma de D\u00f3lares Estadounidenses Nueve Mil (U$D 9.000), dos armas largas, una de ellas un Fusil de asalto FAL, con su cargador completo, siendo este un hallazgo in\u00e9dito, que se encontraba acondicionado junto a cientos de precintos de sujeci\u00f3n de mercader\u00edas en transporte, un revolver calibre 22 cargado, un sable de Prefectura Naval Argentina, varios celulares y miles de pesos en efectivo. Asimismo se secuestraron diversos elementos de prueba que acreditaban la efectiva ejecuci\u00f3n por parte de los aprehendidos del delito investigado.<\/p>\n<p>Allanamientos<\/p>\n<p>Los allanamientos estuvieron encabezados por la Agente Fiscal Dra. Mar\u00eda Ver\u00f3nica Marcantonio, secundada por una docena de instructores judiciales del Ministerio P\u00fablico Fiscal, quienes se dividieron estrat\u00e9gicamente con las fuerzas mixtas policiales, las Fuerzas de la Delegaci\u00f3n de Drogas Il\u00edcitas de la Provincia de Buenos Aires, atentos a la compleja trama urbana de la zona, e irrumpieron en Barrio San Jorge. Dispusieron para ello de 50 efectivos y 24 m\u00f3viles policiales, de las Delegaciones Jun\u00edn, Chivilcoy, Pergamino, Trenque Lauquen, sum\u00e1ndose efectivos de la Polic\u00eda Local, Grupo GAD; y del Comando de Patrullas.<\/p>\n<p>Mientras tanto y de manera simult\u00e1nea, los efectivos federales irrump\u00edan en Barrio Fraga, poniendo a disposici\u00f3n de la ciudad, 10 m\u00f3viles policiales y 45 efectivos provenientes de Capital Federal, Pergamino, Venado Tuerto y San Nicol\u00e1s.<\/p>\n<p>Ayer, la Dra. Mar\u00eda Ver\u00f3nica Marcantonio, procedi\u00f3 a indagar a los cinco aprehendidos en orden al delito de comercializaci\u00f3n de estupefacientes (art. 5 inc. C de la Ley 23.737 agravada por ser una organizaci\u00f3n criminal) cabe destacar que varios de los aprehendidos contaban con antecedentes por delitos de la misma naturaleza y por delitos contra la propiedad y la vida de las personas.<\/p>\n<p>Estos procedimientos son parte conjunta del plan de acci\u00f3n contra el narcotr\u00e1fico que lleva la U.F.I. 1\u00b0, los que permitieron en estos \u00faltimos a\u00f1os, en colaboraci\u00f3n con fuerzas locales y federales, desarticular organizaciones dedicadas a la comercializaci\u00f3n de estupefacientes.<\/p>\n<p>La presencia del Poder Judicial encabezando los procedimientos, proporciona seguridad y respaldo hacia los vecinos de los distintos barrios que se animan a dar informaci\u00f3n respecto de este flagelo que afecta a nuestra sociedad.<\/p>\n<p>Fuente: Diario El Norte <\/p>\n","protected":false},"excerpt":{"rendered":"<p>En el marco de una investigaci\u00f3n, llevada a cabo por la Fiscal\u00eda N\u00b01, a cargo de la Dra. Ver\u00f3nica Marcantonio, se efectuaron once allanamientos, en distintos lugares de ventas de drogas, en los Barrios Fraga y San Jorge. En los operativos, en los que participaron m\u00faltiples fuerzas, se concretaron cinco aprehensiones, se secuestraron estupefacientes y [&hellip;]<\/p>\n","protected":false},"author":4,"featured_media":36387,"comment_status":"open","ping_status":"closed","sticky":false,"template":"","format":"standard","meta":{"om_disable_all_campaigns":false,"_jetpack_memberships_contains_paid_content":false,"footnotes":""},"categories":[621],"tags":[],"class_list":["post-36386","post","type-post","status-publish","format-standard","has-post-thumbnail","hentry","category-regionales"],"aioseo_notices":[],"gutentor_comment":0,"jetpack_featured_media_url":"https:\/\/eldiariodesanpedro.com.ar\/sitio\/wp-content\/uploads\/2018\/07\/elnorte5b48662463a74_6-foto2-3x10.jpg","jetpack_shortlink":"https:\/\/wp.me\/p6RhLt-9sS","jetpack_sharing_enabled":true,"_links":{"self":[{"href":"https:\/\/eldiariodesanpedro.com.ar\/sitio\/wp-json\/wp\/v2\/posts\/36386","targetHints":{"allow":["GET"]}}],"collection":[{"href":"https:\/\/eldiariodesanpedro.com.ar\/sitio\/wp-json\/wp\/v2\/posts"}],"about":[{"href":"https:\/\/eldiariodesanpedro.com.ar\/sitio\/wp-json\/wp\/v2\/types\/post"}],"author":[{"embeddable":true,"href":"https:\/\/eldiariodesanpedro.com.ar\/sitio\/wp-json\/wp\/v2\/users\/4"}],"replies":[{"embeddable":true,"href":"https:\/\/eldiariodesanpedro.com.ar\/sitio\/wp-json\/wp\/v2\/comments?post=36386"}],"version-history":[{"count":1,"href":"https:\/\/eldiariodesanpedro.com.ar\/sitio\/wp-json\/wp\/v2\/posts\/36386\/revisions"}],"predecessor-version":[{"id":36388,"href":"https:\/\/eldiariodesanpedro.com.ar\/sitio\/wp-json\/wp\/v2\/posts\/36386\/revisions\/36388"}],"wp:featuredmedia":[{"embeddable":true,"href":"https:\/\/eldiariodesanpedro.com.ar\/sitio\/wp-json\/wp\/v2\/media\/36387"}],"wp:attachment":[{"href":"https:\/\/eldiariodesanpedro.com.ar\/sitio\/wp-json\/wp\/v2\/media?parent=36386"}],"wp:term":[{"taxonomy":"category","embeddable":true,"href":"https:\/\/eldiariodesanpedro.com.ar\/sitio\/wp-json\/wp\/v2\/categories?post=36386"},{"taxonomy":"post_tag","embeddable":true,"href":"https:\/\/eldiariodesanpedro.com.ar\/sitio\/wp-json\/wp\/v2\/tags?post=36386"}],"curies":[{"name":"wp","href":"https:\/\/api.w.org\/{rel}","templated":true}]}}