{"id":36384,"date":"2018-07-13T16:44:35","date_gmt":"2018-07-13T19:44:35","guid":{"rendered":"https:\/\/eldiariodesanpedro.com.ar\/sitio\/?p=36384"},"modified":"2018-07-13T16:44:35","modified_gmt":"2018-07-13T19:44:35","slug":"entrega-de-diplomas-en-la-sede-envion-depietri-por-el-curso-de-cosmetologia","status":"publish","type":"post","link":"https:\/\/eldiariodesanpedro.com.ar\/sitio\/entrega-de-diplomas-en-la-sede-envion-depietri-por-el-curso-de-cosmetologia\/","title":{"rendered":"Entrega de diplomas en la Sede Envi\u00f3n Depietri por el curso de Cosmetolog\u00eda"},"content":{"rendered":"<p><!-- VideographyWP Plugin Message: Automatic video embedding prevented by plugin options. --><br \/>\nEl jueves por la ma\u00f1ana se hizo entrega de los diplomas correspondiente a la finalizaci\u00f3n de la Capacitaci\u00f3n en Cosmetolog\u00eda realizada en la sede Envi\u00f3n del Barrio Depietri.<\/p>\n<p>El curso estuvo a cargo de la  instructora Mar\u00eda Haidee Villalba, en el marco de la implementaci\u00f3n del Proyecto Villa Depietri, impulsado por el Ministerio del Interior, Obra P\u00fablica y Vivienda de la Naci\u00f3n. Siendo ejecutado por el \u00c1rea de Redes Comunitarias dependiente de la Secretar\u00eda de Desarrollo Humano a cargo de la Lic. Karina Chiarella.<\/p>\n","protected":false},"excerpt":{"rendered":"<p>El jueves por la ma\u00f1ana se hizo entrega de los diplomas correspondiente a la finalizaci\u00f3n de la Capacitaci\u00f3n en Cosmetolog\u00eda realizada en la sede Envi\u00f3n del Barrio Depietri. El curso estuvo a cargo de la instructora Mar\u00eda Haidee Villalba, en el marco de la implementaci\u00f3n del Proyecto Villa Depietri, impulsado por el Ministerio del Interior, [&hellip;]<\/p>\n","protected":false},"author":4,"featured_media":36392,"comment_status":"open","ping_status":"closed","sticky":false,"template":"","format":"standard","meta":{"om_disable_all_campaigns":false,"_jetpack_memberships_contains_paid_content":false,"footnotes":""},"categories":[101,2],"tags":[],"class_list":["post-36384","post","type-post","status-publish","format-standard","has-post-thumbnail","hentry","category-interes-general-locales","category-locales"],"aioseo_notices":[],"gutentor_comment":0,"jetpack_featured_media_url":"https:\/\/eldiariodesanpedro.com.ar\/sitio\/wp-content\/uploads\/2018\/07\/unnamed-3.jpg","jetpack_shortlink":"https:\/\/wp.me\/p6RhLt-9sQ","jetpack_sharing_enabled":true,"_links":{"self":[{"href":"https:\/\/eldiariodesanpedro.com.ar\/sitio\/wp-json\/wp\/v2\/posts\/36384","targetHints":{"allow":["GET"]}}],"collection":[{"href":"https:\/\/eldiariodesanpedro.com.ar\/sitio\/wp-json\/wp\/v2\/posts"}],"about":[{"href":"https:\/\/eldiariodesanpedro.com.ar\/sitio\/wp-json\/wp\/v2\/types\/post"}],"author":[{"embeddable":true,"href":"https:\/\/eldiariodesanpedro.com.ar\/sitio\/wp-json\/wp\/v2\/users\/4"}],"replies":[{"embeddable":true,"href":"https:\/\/eldiariodesanpedro.com.ar\/sitio\/wp-json\/wp\/v2\/comments?post=36384"}],"version-history":[{"count":1,"href":"https:\/\/eldiariodesanpedro.com.ar\/sitio\/wp-json\/wp\/v2\/posts\/36384\/revisions"}],"predecessor-version":[{"id":36393,"href":"https:\/\/eldiariodesanpedro.com.ar\/sitio\/wp-json\/wp\/v2\/posts\/36384\/revisions\/36393"}],"wp:featuredmedia":[{"embeddable":true,"href":"https:\/\/eldiariodesanpedro.com.ar\/sitio\/wp-json\/wp\/v2\/media\/36392"}],"wp:attachment":[{"href":"https:\/\/eldiariodesanpedro.com.ar\/sitio\/wp-json\/wp\/v2\/media?parent=36384"}],"wp:term":[{"taxonomy":"category","embeddable":true,"href":"https:\/\/eldiariodesanpedro.com.ar\/sitio\/wp-json\/wp\/v2\/categories?post=36384"},{"taxonomy":"post_tag","embeddable":true,"href":"https:\/\/eldiariodesanpedro.com.ar\/sitio\/wp-json\/wp\/v2\/tags?post=36384"}],"curies":[{"name":"wp","href":"https:\/\/api.w.org\/{rel}","templated":true}]}}