{"id":36382,"date":"2018-07-13T09:12:33","date_gmt":"2018-07-13T12:12:33","guid":{"rendered":"https:\/\/eldiariodesanpedro.com.ar\/sitio\/?p=36382"},"modified":"2018-07-13T09:12:33","modified_gmt":"2018-07-13T12:12:33","slug":"aprehendieron-a-un-joven-con-marihuana","status":"publish","type":"post","link":"https:\/\/eldiariodesanpedro.com.ar\/sitio\/aprehendieron-a-un-joven-con-marihuana\/","title":{"rendered":"Aprehendieron a un joven con marihuana"},"content":{"rendered":"<p><!-- VideographyWP Plugin Message: Automatic video embedding prevented by plugin options. --><br \/>\nPersonal de la Polic\u00eda local procedi\u00f3 a la aprehensi\u00f3n de un joven de 23 a\u00f1os de edad,  en intersecci\u00f3n de las calles  Mitre y Las Heras, quien portaba en uno de sus bolsillos dos envoltorios de nylon conteniendo marihuana.<\/p>\n<p>Se hace la notificaci\u00f3n a la Fiscal\u00eda de turno, se le da la informaci\u00f3n de la causa al aprehendido y la posterior libertad.<\/p>\n","protected":false},"excerpt":{"rendered":"<p>Personal de la Polic\u00eda local procedi\u00f3 a la aprehensi\u00f3n de un joven de 23 a\u00f1os de edad, en intersecci\u00f3n de las calles Mitre y Las Heras, quien portaba en uno de sus bolsillos dos envoltorios de nylon conteniendo marihuana. Se hace la notificaci\u00f3n a la Fiscal\u00eda de turno, se le da la informaci\u00f3n de la [&hellip;]<\/p>\n","protected":false},"author":4,"featured_media":30195,"comment_status":"open","ping_status":"closed","sticky":false,"template":"","format":"standard","meta":{"om_disable_all_campaigns":false,"_jetpack_memberships_contains_paid_content":false,"footnotes":""},"categories":[2,103],"tags":[],"class_list":["post-36382","post","type-post","status-publish","format-standard","has-post-thumbnail","hentry","category-locales","category-policiales-locales"],"aioseo_notices":[],"gutentor_comment":0,"jetpack_featured_media_url":"https:\/\/eldiariodesanpedro.com.ar\/sitio\/wp-content\/uploads\/2018\/03\/Aprehendido-y-ofuscado.jpg","jetpack_shortlink":"https:\/\/wp.me\/p6RhLt-9sO","jetpack_sharing_enabled":true,"_links":{"self":[{"href":"https:\/\/eldiariodesanpedro.com.ar\/sitio\/wp-json\/wp\/v2\/posts\/36382","targetHints":{"allow":["GET"]}}],"collection":[{"href":"https:\/\/eldiariodesanpedro.com.ar\/sitio\/wp-json\/wp\/v2\/posts"}],"about":[{"href":"https:\/\/eldiariodesanpedro.com.ar\/sitio\/wp-json\/wp\/v2\/types\/post"}],"author":[{"embeddable":true,"href":"https:\/\/eldiariodesanpedro.com.ar\/sitio\/wp-json\/wp\/v2\/users\/4"}],"replies":[{"embeddable":true,"href":"https:\/\/eldiariodesanpedro.com.ar\/sitio\/wp-json\/wp\/v2\/comments?post=36382"}],"version-history":[{"count":1,"href":"https:\/\/eldiariodesanpedro.com.ar\/sitio\/wp-json\/wp\/v2\/posts\/36382\/revisions"}],"predecessor-version":[{"id":36383,"href":"https:\/\/eldiariodesanpedro.com.ar\/sitio\/wp-json\/wp\/v2\/posts\/36382\/revisions\/36383"}],"wp:featuredmedia":[{"embeddable":true,"href":"https:\/\/eldiariodesanpedro.com.ar\/sitio\/wp-json\/wp\/v2\/media\/30195"}],"wp:attachment":[{"href":"https:\/\/eldiariodesanpedro.com.ar\/sitio\/wp-json\/wp\/v2\/media?parent=36382"}],"wp:term":[{"taxonomy":"category","embeddable":true,"href":"https:\/\/eldiariodesanpedro.com.ar\/sitio\/wp-json\/wp\/v2\/categories?post=36382"},{"taxonomy":"post_tag","embeddable":true,"href":"https:\/\/eldiariodesanpedro.com.ar\/sitio\/wp-json\/wp\/v2\/tags?post=36382"}],"curies":[{"name":"wp","href":"https:\/\/api.w.org\/{rel}","templated":true}]}}