{"id":36376,"date":"2018-07-13T08:54:43","date_gmt":"2018-07-13T11:54:43","guid":{"rendered":"https:\/\/eldiariodesanpedro.com.ar\/sitio\/?p=36376"},"modified":"2018-07-13T08:54:43","modified_gmt":"2018-07-13T11:54:43","slug":"llego-a-su-casa-y-los-ladrones-escapaban-con-electrodomesticos","status":"publish","type":"post","link":"https:\/\/eldiariodesanpedro.com.ar\/sitio\/llego-a-su-casa-y-los-ladrones-escapaban-con-electrodomesticos\/","title":{"rendered":"Llego a su casa y los ladrones escapaban con electrodom\u00e9sticos"},"content":{"rendered":"<p><!-- VideographyWP Plugin Message: Automatic video embedding prevented by plugin options. --><br \/>\nEn d\u00eda jueves por la tarde,  un joven de 24 a\u00f1os al llegar a su vivienda sita en calle Sargento Selada al 600, escucha ruidos en su interior al ingresar y  observa que la puerta del costado se encontraba violentada.<\/p>\n<p>Un vecino en ese momento se refiri\u00f3 haber observado a los delincuentes  egresar con elementos del interior de la vivienda, dejando estacionada en el frente una motocicleta que dejan abandonada para luego darse a la fuga.<\/p>\n<p>En el interior constato el  faltante de varios electrodom\u00e9sticos, en su mayor\u00eda tecnol\u00f3gicos y calzados; interviene la Fiscal\u00eda de turno y se dispuso el secuestro de la motocicleta abandonada 110cc.<\/p>\n","protected":false},"excerpt":{"rendered":"<p>En d\u00eda jueves por la tarde, un joven de 24 a\u00f1os al llegar a su vivienda sita en calle Sargento Selada al 600, escucha ruidos en su interior al ingresar y observa que la puerta del costado se encontraba violentada. Un vecino en ese momento se refiri\u00f3 haber observado a los delincuentes egresar con elementos [&hellip;]<\/p>\n","protected":false},"author":4,"featured_media":36377,"comment_status":"open","ping_status":"closed","sticky":false,"template":"","format":"standard","meta":{"om_disable_all_campaigns":false,"_jetpack_memberships_contains_paid_content":false,"footnotes":""},"categories":[50,2,103],"tags":[],"class_list":["post-36376","post","type-post","status-publish","format-standard","has-post-thumbnail","hentry","category-destacadas","category-locales","category-policiales-locales"],"aioseo_notices":[],"gutentor_comment":0,"jetpack_featured_media_url":"https:\/\/eldiariodesanpedro.com.ar\/sitio\/wp-content\/uploads\/2018\/07\/Puerta-violentada-1078x516-970x516.jpg","jetpack_shortlink":"https:\/\/wp.me\/p6RhLt-9sI","jetpack_sharing_enabled":true,"_links":{"self":[{"href":"https:\/\/eldiariodesanpedro.com.ar\/sitio\/wp-json\/wp\/v2\/posts\/36376","targetHints":{"allow":["GET"]}}],"collection":[{"href":"https:\/\/eldiariodesanpedro.com.ar\/sitio\/wp-json\/wp\/v2\/posts"}],"about":[{"href":"https:\/\/eldiariodesanpedro.com.ar\/sitio\/wp-json\/wp\/v2\/types\/post"}],"author":[{"embeddable":true,"href":"https:\/\/eldiariodesanpedro.com.ar\/sitio\/wp-json\/wp\/v2\/users\/4"}],"replies":[{"embeddable":true,"href":"https:\/\/eldiariodesanpedro.com.ar\/sitio\/wp-json\/wp\/v2\/comments?post=36376"}],"version-history":[{"count":1,"href":"https:\/\/eldiariodesanpedro.com.ar\/sitio\/wp-json\/wp\/v2\/posts\/36376\/revisions"}],"predecessor-version":[{"id":36378,"href":"https:\/\/eldiariodesanpedro.com.ar\/sitio\/wp-json\/wp\/v2\/posts\/36376\/revisions\/36378"}],"wp:featuredmedia":[{"embeddable":true,"href":"https:\/\/eldiariodesanpedro.com.ar\/sitio\/wp-json\/wp\/v2\/media\/36377"}],"wp:attachment":[{"href":"https:\/\/eldiariodesanpedro.com.ar\/sitio\/wp-json\/wp\/v2\/media?parent=36376"}],"wp:term":[{"taxonomy":"category","embeddable":true,"href":"https:\/\/eldiariodesanpedro.com.ar\/sitio\/wp-json\/wp\/v2\/categories?post=36376"},{"taxonomy":"post_tag","embeddable":true,"href":"https:\/\/eldiariodesanpedro.com.ar\/sitio\/wp-json\/wp\/v2\/tags?post=36376"}],"curies":[{"name":"wp","href":"https:\/\/api.w.org\/{rel}","templated":true}]}}