{"id":36373,"date":"2018-07-13T08:32:16","date_gmt":"2018-07-13T11:32:16","guid":{"rendered":"https:\/\/eldiariodesanpedro.com.ar\/sitio\/?p=36373"},"modified":"2018-07-13T08:32:16","modified_gmt":"2018-07-13T11:32:16","slug":"un-ciudadano-junto-a-su-hijo-fueron-baleados","status":"publish","type":"post","link":"https:\/\/eldiariodesanpedro.com.ar\/sitio\/un-ciudadano-junto-a-su-hijo-fueron-baleados\/","title":{"rendered":"Un ciudadano junto a su hijo fueron baleados"},"content":{"rendered":"<p><!-- VideographyWP Plugin Message: Automatic video embedding prevented by plugin options. --><br \/>\nEste  jueves por la noche, un ciudadano de 38 a\u00f1os se acerca a la Dependencia Local para radicar su denuncia, contando que se encontraba junto a su hijo de 15 a\u00f1os caminando por calle Molina al 600 cuando observa que dos sujetos, vecinos del barrio, empu\u00f1an ambos un arma de fuego y apuntan hacia el y su hijo efectuando varios disparos, logrando impactar sobre zona craneal del cuero cabelludo un perdig\u00f3n al menor.<\/p>\n<p>Los agresores emprenden r\u00e1pidamente a la fuga y el denunciante dice ignorar alg\u00fan conflicto con ellos.<\/p>\n<p>Como consecuencia el adolescente fue asistido en el nosocomio local y seg\u00fan indico el m\u00e9dico de guardia presenta lesiones de car\u00e1cter leves.<\/p>\n","protected":false},"excerpt":{"rendered":"<p>Este jueves por la noche, un ciudadano de 38 a\u00f1os se acerca a la Dependencia Local para radicar su denuncia, contando que se encontraba junto a su hijo de 15 a\u00f1os caminando por calle Molina al 600 cuando observa que dos sujetos, vecinos del barrio, empu\u00f1an ambos un arma de fuego y apuntan hacia el [&hellip;]<\/p>\n","protected":false},"author":4,"featured_media":36374,"comment_status":"open","ping_status":"closed","sticky":false,"template":"","format":"standard","meta":{"om_disable_all_campaigns":false,"_jetpack_memberships_contains_paid_content":false,"footnotes":""},"categories":[50,2,103],"tags":[],"class_list":["post-36373","post","type-post","status-publish","format-standard","has-post-thumbnail","hentry","category-destacadas","category-locales","category-policiales-locales"],"aioseo_notices":[],"gutentor_comment":0,"jetpack_featured_media_url":"https:\/\/eldiariodesanpedro.com.ar\/sitio\/wp-content\/uploads\/2018\/07\/asalto.png","jetpack_shortlink":"https:\/\/wp.me\/p6RhLt-9sF","jetpack_sharing_enabled":true,"_links":{"self":[{"href":"https:\/\/eldiariodesanpedro.com.ar\/sitio\/wp-json\/wp\/v2\/posts\/36373","targetHints":{"allow":["GET"]}}],"collection":[{"href":"https:\/\/eldiariodesanpedro.com.ar\/sitio\/wp-json\/wp\/v2\/posts"}],"about":[{"href":"https:\/\/eldiariodesanpedro.com.ar\/sitio\/wp-json\/wp\/v2\/types\/post"}],"author":[{"embeddable":true,"href":"https:\/\/eldiariodesanpedro.com.ar\/sitio\/wp-json\/wp\/v2\/users\/4"}],"replies":[{"embeddable":true,"href":"https:\/\/eldiariodesanpedro.com.ar\/sitio\/wp-json\/wp\/v2\/comments?post=36373"}],"version-history":[{"count":1,"href":"https:\/\/eldiariodesanpedro.com.ar\/sitio\/wp-json\/wp\/v2\/posts\/36373\/revisions"}],"predecessor-version":[{"id":36375,"href":"https:\/\/eldiariodesanpedro.com.ar\/sitio\/wp-json\/wp\/v2\/posts\/36373\/revisions\/36375"}],"wp:featuredmedia":[{"embeddable":true,"href":"https:\/\/eldiariodesanpedro.com.ar\/sitio\/wp-json\/wp\/v2\/media\/36374"}],"wp:attachment":[{"href":"https:\/\/eldiariodesanpedro.com.ar\/sitio\/wp-json\/wp\/v2\/media?parent=36373"}],"wp:term":[{"taxonomy":"category","embeddable":true,"href":"https:\/\/eldiariodesanpedro.com.ar\/sitio\/wp-json\/wp\/v2\/categories?post=36373"},{"taxonomy":"post_tag","embeddable":true,"href":"https:\/\/eldiariodesanpedro.com.ar\/sitio\/wp-json\/wp\/v2\/tags?post=36373"}],"curies":[{"name":"wp","href":"https:\/\/api.w.org\/{rel}","templated":true}]}}