{"id":36366,"date":"2018-07-12T20:28:36","date_gmt":"2018-07-12T23:28:36","guid":{"rendered":"https:\/\/eldiariodesanpedro.com.ar\/sitio\/?p=36366"},"modified":"2026-01-24T00:13:18","modified_gmt":"2026-01-24T03:13:18","slug":"voley-femenino-el-femenino-de-nautico-jugo-como-local-ante-regatas-de-san-nicolas","status":"publish","type":"post","link":"https:\/\/eldiariodesanpedro.com.ar\/sitio\/voley-femenino-el-femenino-de-nautico-jugo-como-local-ante-regatas-de-san-nicolas\/","title":{"rendered":"V\u00d3LEY FEMENINO: El femenino de N\u00e1utico jug\u00f3 como local ante Regatas de San Nicol\u00e1s"},"content":{"rendered":"<p><!-- VideographyWP Plugin Message: Automatic video embedding prevented by plugin options. --><br \/>\n  N\u00e1utico San Pedro jug\u00f3 en su gimnasio ante Regatas de San Nicol\u00e1s por el Torneo de la Asociaci\u00f3n Nicole\u00f1a (ANV).<br \/>\n  Gan\u00f3 el de San Pedro en Primera divisi\u00f3n 3-1, mientras que en inferiores el triunfo se lo llev\u00f3 el equipo nicole\u00f1o en U13, U15 y U17.<\/p>\n","protected":false},"excerpt":{"rendered":"<p>N\u00e1utico San Pedro jug\u00f3 en su gimnasio ante Regatas de San Nicol\u00e1s por el Torneo de la Asociaci\u00f3n Nicole\u00f1a (ANV). Gan\u00f3 el de San Pedro en Primera divisi\u00f3n 3-1, mientras que en inferiores el triunfo se lo llev\u00f3 el equipo nicole\u00f1o en U13, U15 y U17.<\/p>\n","protected":false},"author":4,"featured_media":36367,"comment_status":"open","ping_status":"closed","sticky":false,"template":"","format":"standard","meta":{"om_disable_all_campaigns":false,"_jetpack_memberships_contains_paid_content":false,"footnotes":""},"categories":[5],"tags":[],"class_list":["post-36366","post","type-post","status-publish","format-standard","has-post-thumbnail","hentry","category-deportes"],"aioseo_notices":[],"gutentor_comment":0,"jetpack_featured_media_url":"https:\/\/eldiariodesanpedro.com.ar\/sitio\/wp-content\/uploads\/2018\/07\/Interesantes-cotejos-se-disputaron-entre-N\u00e1utico-y-Regatas-SN.jpg","jetpack_shortlink":"https:\/\/wp.me\/p6RhLt-9sy","jetpack_sharing_enabled":true,"_links":{"self":[{"href":"https:\/\/eldiariodesanpedro.com.ar\/sitio\/wp-json\/wp\/v2\/posts\/36366","targetHints":{"allow":["GET"]}}],"collection":[{"href":"https:\/\/eldiariodesanpedro.com.ar\/sitio\/wp-json\/wp\/v2\/posts"}],"about":[{"href":"https:\/\/eldiariodesanpedro.com.ar\/sitio\/wp-json\/wp\/v2\/types\/post"}],"author":[{"embeddable":true,"href":"https:\/\/eldiariodesanpedro.com.ar\/sitio\/wp-json\/wp\/v2\/users\/4"}],"replies":[{"embeddable":true,"href":"https:\/\/eldiariodesanpedro.com.ar\/sitio\/wp-json\/wp\/v2\/comments?post=36366"}],"version-history":[{"count":1,"href":"https:\/\/eldiariodesanpedro.com.ar\/sitio\/wp-json\/wp\/v2\/posts\/36366\/revisions"}],"predecessor-version":[{"id":36368,"href":"https:\/\/eldiariodesanpedro.com.ar\/sitio\/wp-json\/wp\/v2\/posts\/36366\/revisions\/36368"}],"wp:featuredmedia":[{"embeddable":true,"href":"https:\/\/eldiariodesanpedro.com.ar\/sitio\/wp-json\/wp\/v2\/media\/36367"}],"wp:attachment":[{"href":"https:\/\/eldiariodesanpedro.com.ar\/sitio\/wp-json\/wp\/v2\/media?parent=36366"}],"wp:term":[{"taxonomy":"category","embeddable":true,"href":"https:\/\/eldiariodesanpedro.com.ar\/sitio\/wp-json\/wp\/v2\/categories?post=36366"},{"taxonomy":"post_tag","embeddable":true,"href":"https:\/\/eldiariodesanpedro.com.ar\/sitio\/wp-json\/wp\/v2\/tags?post=36366"}],"curies":[{"name":"wp","href":"https:\/\/api.w.org\/{rel}","templated":true}]}}