{"id":36356,"date":"2018-07-12T20:24:03","date_gmt":"2018-07-12T23:24:03","guid":{"rendered":"https:\/\/eldiariodesanpedro.com.ar\/sitio\/?p=36356"},"modified":"2026-01-24T00:13:18","modified_gmt":"2026-01-24T03:13:18","slug":"duatlon-viviana-gomez-gano-en-doyle","status":"publish","type":"post","link":"https:\/\/eldiariodesanpedro.com.ar\/sitio\/duatlon-viviana-gomez-gano-en-doyle\/","title":{"rendered":"DUATL\u00d3N: Viviana G\u00f3mez gan\u00f3 en Doyle"},"content":{"rendered":"<p><!-- VideographyWP Plugin Message: Automatic video embedding prevented by plugin options. --><br \/>\n  En Pueblo Doyle se llev\u00f3 a cabo una nueva fecha del Duatl\u00f3n Rural con triunfo de Viviana G\u00f3mez, representante de Pescadores Running Team, qued\u00e1ndose con la general damas, en otra excelente actuaci\u00f3n. Cabe destacar que Viviana hizo podio en las tres fechas: Santa Luc\u00eda, Alsina y Doyle. Entre los varones gan\u00f3 Jonathan Da Silva de Baradero.<br \/>\n  La distancia fue de 5k de pedestrismo, 20k de bicicleta MTB y 2.5 pedestrismo final. <\/p>\n","protected":false},"excerpt":{"rendered":"<p>En Pueblo Doyle se llev\u00f3 a cabo una nueva fecha del Duatl\u00f3n Rural con triunfo de Viviana G\u00f3mez, representante de Pescadores Running Team, qued\u00e1ndose con la general damas, en otra excelente actuaci\u00f3n. Cabe destacar que Viviana hizo podio en las tres fechas: Santa Luc\u00eda, Alsina y Doyle. Entre los varones gan\u00f3 Jonathan Da Silva de [&hellip;]<\/p>\n","protected":false},"author":4,"featured_media":36362,"comment_status":"open","ping_status":"closed","sticky":false,"template":"","format":"standard","meta":{"om_disable_all_campaigns":false,"_jetpack_memberships_contains_paid_content":false,"footnotes":""},"categories":[5],"tags":[],"class_list":["post-36356","post","type-post","status-publish","format-standard","has-post-thumbnail","hentry","category-deportes"],"aioseo_notices":[],"gutentor_comment":0,"jetpack_featured_media_url":"https:\/\/eldiariodesanpedro.com.ar\/sitio\/wp-content\/uploads\/2018\/07\/Viviana-Gomez-hizo-podio-en-las-tres-fechas.jpg","jetpack_shortlink":"https:\/\/wp.me\/p6RhLt-9so","jetpack_sharing_enabled":true,"_links":{"self":[{"href":"https:\/\/eldiariodesanpedro.com.ar\/sitio\/wp-json\/wp\/v2\/posts\/36356","targetHints":{"allow":["GET"]}}],"collection":[{"href":"https:\/\/eldiariodesanpedro.com.ar\/sitio\/wp-json\/wp\/v2\/posts"}],"about":[{"href":"https:\/\/eldiariodesanpedro.com.ar\/sitio\/wp-json\/wp\/v2\/types\/post"}],"author":[{"embeddable":true,"href":"https:\/\/eldiariodesanpedro.com.ar\/sitio\/wp-json\/wp\/v2\/users\/4"}],"replies":[{"embeddable":true,"href":"https:\/\/eldiariodesanpedro.com.ar\/sitio\/wp-json\/wp\/v2\/comments?post=36356"}],"version-history":[{"count":1,"href":"https:\/\/eldiariodesanpedro.com.ar\/sitio\/wp-json\/wp\/v2\/posts\/36356\/revisions"}],"predecessor-version":[{"id":36363,"href":"https:\/\/eldiariodesanpedro.com.ar\/sitio\/wp-json\/wp\/v2\/posts\/36356\/revisions\/36363"}],"wp:featuredmedia":[{"embeddable":true,"href":"https:\/\/eldiariodesanpedro.com.ar\/sitio\/wp-json\/wp\/v2\/media\/36362"}],"wp:attachment":[{"href":"https:\/\/eldiariodesanpedro.com.ar\/sitio\/wp-json\/wp\/v2\/media?parent=36356"}],"wp:term":[{"taxonomy":"category","embeddable":true,"href":"https:\/\/eldiariodesanpedro.com.ar\/sitio\/wp-json\/wp\/v2\/categories?post=36356"},{"taxonomy":"post_tag","embeddable":true,"href":"https:\/\/eldiariodesanpedro.com.ar\/sitio\/wp-json\/wp\/v2\/tags?post=36356"}],"curies":[{"name":"wp","href":"https:\/\/api.w.org\/{rel}","templated":true}]}}