{"id":36355,"date":"2018-07-12T20:22:21","date_gmt":"2018-07-12T23:22:21","guid":{"rendered":"https:\/\/eldiariodesanpedro.com.ar\/sitio\/?p=36355"},"modified":"2026-01-24T00:13:18","modified_gmt":"2026-01-24T03:13:18","slug":"baby-futbol-se-jugo-solo-la-fecha-17-del-apertura","status":"publish","type":"post","link":"https:\/\/eldiariodesanpedro.com.ar\/sitio\/baby-futbol-se-jugo-solo-la-fecha-17-del-apertura\/","title":{"rendered":"BABY F\u00daTBOL: Se jug\u00f3 s\u00f3lo la fecha 17 del Apertura"},"content":{"rendered":"<p><!-- VideographyWP Plugin Message: Automatic video embedding prevented by plugin options. --><br \/>\n  A pesar de haber anunciado dos jornadas, el s\u00e1bado por la ma\u00f1ana la LIF decidi\u00f3 pasar la fecha de ese d\u00eda al lunes y la fecha 18\u00b0 para el pr\u00f3ximo fin de semana. <\/p>\n<p><strong>Resultados:<\/strong><img decoding=\"async\" data-attachment-id=\"36358\" data-permalink=\"https:\/\/eldiariodesanpedro.com.ar\/sitio\/baby-futbol-se-jugo-solo-la-fecha-17-del-apertura\/info-13-07-resultados\/\" data-orig-file=\"https:\/\/eldiariodesanpedro.com.ar\/sitio\/wp-content\/uploads\/2018\/07\/info-13-07-resultados.png\" data-orig-size=\"552,323\" data-comments-opened=\"1\" data-image-meta=\"{&quot;aperture&quot;:&quot;0&quot;,&quot;credit&quot;:&quot;&quot;,&quot;camera&quot;:&quot;&quot;,&quot;caption&quot;:&quot;&quot;,&quot;created_timestamp&quot;:&quot;0&quot;,&quot;copyright&quot;:&quot;&quot;,&quot;focal_length&quot;:&quot;0&quot;,&quot;iso&quot;:&quot;0&quot;,&quot;shutter_speed&quot;:&quot;0&quot;,&quot;title&quot;:&quot;&quot;,&quot;orientation&quot;:&quot;0&quot;}\" data-image-title=\"info 13-07 resultados\" data-image-description=\"\" data-image-caption=\"\" data-large-file=\"https:\/\/eldiariodesanpedro.com.ar\/sitio\/wp-content\/uploads\/2018\/07\/info-13-07-resultados.png\" data-src=\"https:\/\/eldiariodesanpedro.com.ar\/sitio\/wp-content\/uploads\/2018\/07\/info-13-07-resultados.png\" alt=\"\" width=\"552\" height=\"323\" class=\"alignnone size-full wp-image-36358 lazyload\" data-srcset=\"https:\/\/eldiariodesanpedro.com.ar\/sitio\/wp-content\/uploads\/2018\/07\/info-13-07-resultados.png 552w, https:\/\/eldiariodesanpedro.com.ar\/sitio\/wp-content\/uploads\/2018\/07\/info-13-07-resultados-300x176.png 300w\" data-sizes=\"(max-width: 552px) 100vw, 552px\" src=\"data:image\/svg+xml;base64,PHN2ZyB3aWR0aD0iMSIgaGVpZ2h0PSIxIiB4bWxucz0iaHR0cDovL3d3dy53My5vcmcvMjAwMC9zdmciPjwvc3ZnPg==\" style=\"--smush-placeholder-width: 552px; --smush-placeholder-aspect-ratio: 552\/323;\" \/><\/p>\n<p><strong>Posiciones:<\/strong><br \/>\n2011: Paran\u00e1 31, Rivadavia 29, Atl\u00e9tico 27, San Roque 25, Mitre 24, Villa Igoillo 23, El Porvenir 22, General San Mart\u00edn 22, El Tanque 19, Fundici\u00f3n 18, Independencia 16, Agricultores 16, Sportivo 15, Pescadores 14, Los Andes 10, Def. Unidos 8, Castro FC 7, Am\u00e9rica 5, Independiente (RT) 4, Central C\u00f3rdoba 4, Costa Azul 1.<\/p>\n<p>2010: Paran\u00e1 32, Mitre 28, Atl\u00e9tico 28, El Porvenir 25, General San Mart\u00edn 23, Sportivo 22, Villa Igoillo 19, Rivadavia 18, Independencia 18, San Roque 16, El Tanque 15, Agricultores 14, Fundici\u00f3n 10, Independiente (RT) 10, Los Andes 9, Dep. Alsina 8, Am\u00e9rica 6, Pescadores 4, Costa Azul 3, Def. Unidos 0.<\/p>\n<p>2009: Mitre 27, El Porvenir 27, Villa Igoillo 26, Paran\u00e1 25, Sportivo 24, General San Mart\u00edn 23, Central C\u00f3rdoba 22, Independencia 22, El Tanque 21, Agricultores 19, Am\u00e9rica 17, San Roque 16, Castro FC 14, Rivadavia 13, Dep. Alsina 13, Los Andes 11, Atl\u00e9tico 9, Fundici\u00f3n 9, Independiente (RT) 3, Def. Unidos 1, Pescadores 0. <\/p>\n<p>2008: El Tanque 31, General San Mart\u00edn 29, El Porvenir 29, Am\u00e9rica 27, Mitre 26, Paran\u00e1 26, Central C\u00f3rdoba 22, Agricultores 22, San Roque 20, Sportivo 19, Pescadores 18, Fundici\u00f3n 17, Rivadavia 16, Los Andes 11, Dep. Alsina 11, Castro FC 10, Villa Igoillo 10, Costa Azul 8, Atl\u00e9tico 8, Def. Unidos 6, Independiente (RT) 5, Independencia 3. <\/p>\n<p>2007: Mitre 32, El Porvenir 31, Sportivo 28, El Tanque 27, Paran\u00e1 25, General San Mart\u00edn 24, San Roque 24, Castro FC 19, Agricultores 19, Los Andes 15, Rivadavia 15, Independencia 15, Central C\u00f3rdoba 15, Def. Unidos 14, Fundici\u00f3n 13, Villa Igoillo 11, Costa Azul 11, Atl\u00e9tico 10, Independiente (RT) 9, Pescadores 8, Am\u00e9rica 5, Dep. Alsina 3.<\/p>\n<p>2006: Mitre 34, General San Mart\u00edn 29, Paran\u00e1 29, El Porvenir 28, Sportivo 28, San Roque 25, El Tanque 24, Fundici\u00f3n 20, Rivadavia 19, Villa Igoillo 19, Independencia 19, Am\u00e9rica 17, Def. Unidos 15, Atl\u00e9tico 13, Costa Azul 13, Los Andes 11, Agricultores 10, Central C\u00f3rdoba 6, Dep. Alsina 6, Independiente (RT) 5, Castro FC 4, Pescadores 2.<\/p>\n","protected":false},"excerpt":{"rendered":"<p>A pesar de haber anunciado dos jornadas, el s\u00e1bado por la ma\u00f1ana la LIF decidi\u00f3 pasar la fecha de ese d\u00eda al lunes y la fecha 18\u00b0 para el pr\u00f3ximo fin de semana. Resultados: Posiciones: 2011: Paran\u00e1 31, Rivadavia 29, Atl\u00e9tico 27, San Roque 25, Mitre 24, Villa Igoillo 23, El Porvenir 22, General San [&hellip;]<\/p>\n","protected":false},"author":4,"featured_media":36359,"comment_status":"open","ping_status":"closed","sticky":false,"template":"","format":"standard","meta":{"om_disable_all_campaigns":false,"_jetpack_memberships_contains_paid_content":false,"footnotes":""},"categories":[5],"tags":[],"class_list":["post-36355","post","type-post","status-publish","format-standard","has-post-thumbnail","hentry","category-deportes"],"aioseo_notices":[],"gutentor_comment":0,"jetpack_featured_media_url":"https:\/\/eldiariodesanpedro.com.ar\/sitio\/wp-content\/uploads\/2018\/07\/Pescadores-e-Independencia-jugaron-en-cancha-de-la-encia.jpg","jetpack_shortlink":"https:\/\/wp.me\/p6RhLt-9sn","jetpack_sharing_enabled":true,"_links":{"self":[{"href":"https:\/\/eldiariodesanpedro.com.ar\/sitio\/wp-json\/wp\/v2\/posts\/36355","targetHints":{"allow":["GET"]}}],"collection":[{"href":"https:\/\/eldiariodesanpedro.com.ar\/sitio\/wp-json\/wp\/v2\/posts"}],"about":[{"href":"https:\/\/eldiariodesanpedro.com.ar\/sitio\/wp-json\/wp\/v2\/types\/post"}],"author":[{"embeddable":true,"href":"https:\/\/eldiariodesanpedro.com.ar\/sitio\/wp-json\/wp\/v2\/users\/4"}],"replies":[{"embeddable":true,"href":"https:\/\/eldiariodesanpedro.com.ar\/sitio\/wp-json\/wp\/v2\/comments?post=36355"}],"version-history":[{"count":1,"href":"https:\/\/eldiariodesanpedro.com.ar\/sitio\/wp-json\/wp\/v2\/posts\/36355\/revisions"}],"predecessor-version":[{"id":36360,"href":"https:\/\/eldiariodesanpedro.com.ar\/sitio\/wp-json\/wp\/v2\/posts\/36355\/revisions\/36360"}],"wp:featuredmedia":[{"embeddable":true,"href":"https:\/\/eldiariodesanpedro.com.ar\/sitio\/wp-json\/wp\/v2\/media\/36359"}],"wp:attachment":[{"href":"https:\/\/eldiariodesanpedro.com.ar\/sitio\/wp-json\/wp\/v2\/media?parent=36355"}],"wp:term":[{"taxonomy":"category","embeddable":true,"href":"https:\/\/eldiariodesanpedro.com.ar\/sitio\/wp-json\/wp\/v2\/categories?post=36355"},{"taxonomy":"post_tag","embeddable":true,"href":"https:\/\/eldiariodesanpedro.com.ar\/sitio\/wp-json\/wp\/v2\/tags?post=36355"}],"curies":[{"name":"wp","href":"https:\/\/api.w.org\/{rel}","templated":true}]}}