{"id":36353,"date":"2018-07-12T20:12:59","date_gmt":"2018-07-12T23:12:59","guid":{"rendered":"https:\/\/eldiariodesanpedro.com.ar\/sitio\/?p=36353"},"modified":"2018-07-12T20:12:59","modified_gmt":"2018-07-12T23:12:59","slug":"mesa-de-dialogo-entre-el-mte-y-el-municipio-con-la-intervencion-del-obispo","status":"publish","type":"post","link":"https:\/\/eldiariodesanpedro.com.ar\/sitio\/mesa-de-dialogo-entre-el-mte-y-el-municipio-con-la-intervencion-del-obispo\/","title":{"rendered":"Mesa de di\u00e1logo entre el MTE y el Municipio con la intervenci\u00f3n del Obispo"},"content":{"rendered":"<p><!-- VideographyWP Plugin Message: Automatic video embedding prevented by plugin options. --><br \/>\nTras los incidentes ocurridos en el pasado mi\u00e9rcoles donde la policia reprimio a manifestantes enfrente del Palacio Municipal, se realizo una reuni\u00f3n con los trabajadores del basural, dirigentes del MTE y la presencia esperada del Obispo de San Nicol\u00e1s, Monse\u00f1or Hugo Norberto, a pedido del Episcopado Argentino con funcionarios del Municipio. Llegaron a una mesa de di\u00e1logo y seg\u00fan expres\u00f3 el Obispo \u00abel conflicto se termin\u00f3 y est\u00e1n en paz\u00bb.<\/p>\n<p>Al t\u00e9rmino de la reuni\u00f3n en las oficinas del ejecutivo, el Obispo nos brind\u00f3 una conferencia de prensa a los medios de comunicaci\u00f3n que nos encontr\u00e1bamos presente y nos contaba que: \u00abes muy buena la disponibilidad del municipio, hay proyectos para seguir dialogando y los representantes de los trabajadores hicieron buenas propuestas en contacto con desarrollo Social de La Naci\u00f3n\u00bb.<\/p>\n<p>A nuestra pregunta de cual fue su rol fundamental expres\u00f3: \u00abintentamos ser facilitadores del di\u00e1logo, nosotros somos curas, la caridad social es estar cerca de los m\u00e1s necesitados, hay que trabajar, incluirlos, que quiere decir llegar a que tengan una vida digna que puedan tener un trabajo estable, cobertura medica, todo lo que tenemos la mayoria de los argentinos.<\/p>\n<p>Tambi\u00e9n nos contaba que el Jefe Comunal Cecilio Salazar no estaba presente pero si dialogamos con el Secretario de Gobierno Silvio Corti quien llevo adelante la reuni\u00f3n.<\/p>\n<p>El Diario de San Pedro consult\u00f3 si se encontraban comprometidas tambi\u00e9n las iglesias de nuestra ciudad,a lo que respondi\u00f3 la negativa, fue llamado a pedido del Episcopado Argentino y se  comunic\u00f3 con el padre H\u00e9ctor Molfesa para contarle su presencia  en San Pedro luego de tomar conocimiento de los episodios de violencia y represi\u00f3n.<\/p>\n<p>Para finalizar agreg\u00f3: \u00abHubo un acuerdo para solucionar los problemas urgentes y seguir trabajando, no estamos del lado del Gobierno ni de los trabajadores somos facilitadores del di\u00e1logo, queremos la paz social por eso fue importante intervenir en este caso, hay una mesa de di\u00e1logo muy bueno eso\u00bb.<\/p>\n","protected":false},"excerpt":{"rendered":"<p>Tras los incidentes ocurridos en el pasado mi\u00e9rcoles donde la policia reprimio a manifestantes enfrente del Palacio Municipal, se realizo una reuni\u00f3n con los trabajadores del basural, dirigentes del MTE y la presencia esperada del Obispo de San Nicol\u00e1s, Monse\u00f1or Hugo Norberto, a pedido del Episcopado Argentino con funcionarios del Municipio. Llegaron a una mesa [&hellip;]<\/p>\n","protected":false},"author":4,"featured_media":36213,"comment_status":"open","ping_status":"closed","sticky":false,"template":"","format":"standard","meta":{"om_disable_all_campaigns":false,"_jetpack_memberships_contains_paid_content":false,"footnotes":""},"categories":[50,101,2],"tags":[],"class_list":["post-36353","post","type-post","status-publish","format-standard","has-post-thumbnail","hentry","category-destacadas","category-interes-general-locales","category-locales"],"aioseo_notices":[],"gutentor_comment":0,"jetpack_featured_media_url":"https:\/\/eldiariodesanpedro.com.ar\/sitio\/wp-content\/uploads\/2018\/07\/20180711_104935-e1531437113422.jpg","jetpack_shortlink":"https:\/\/wp.me\/p6RhLt-9sl","jetpack_sharing_enabled":true,"_links":{"self":[{"href":"https:\/\/eldiariodesanpedro.com.ar\/sitio\/wp-json\/wp\/v2\/posts\/36353","targetHints":{"allow":["GET"]}}],"collection":[{"href":"https:\/\/eldiariodesanpedro.com.ar\/sitio\/wp-json\/wp\/v2\/posts"}],"about":[{"href":"https:\/\/eldiariodesanpedro.com.ar\/sitio\/wp-json\/wp\/v2\/types\/post"}],"author":[{"embeddable":true,"href":"https:\/\/eldiariodesanpedro.com.ar\/sitio\/wp-json\/wp\/v2\/users\/4"}],"replies":[{"embeddable":true,"href":"https:\/\/eldiariodesanpedro.com.ar\/sitio\/wp-json\/wp\/v2\/comments?post=36353"}],"version-history":[{"count":1,"href":"https:\/\/eldiariodesanpedro.com.ar\/sitio\/wp-json\/wp\/v2\/posts\/36353\/revisions"}],"predecessor-version":[{"id":36354,"href":"https:\/\/eldiariodesanpedro.com.ar\/sitio\/wp-json\/wp\/v2\/posts\/36353\/revisions\/36354"}],"wp:featuredmedia":[{"embeddable":true,"href":"https:\/\/eldiariodesanpedro.com.ar\/sitio\/wp-json\/wp\/v2\/media\/36213"}],"wp:attachment":[{"href":"https:\/\/eldiariodesanpedro.com.ar\/sitio\/wp-json\/wp\/v2\/media?parent=36353"}],"wp:term":[{"taxonomy":"category","embeddable":true,"href":"https:\/\/eldiariodesanpedro.com.ar\/sitio\/wp-json\/wp\/v2\/categories?post=36353"},{"taxonomy":"post_tag","embeddable":true,"href":"https:\/\/eldiariodesanpedro.com.ar\/sitio\/wp-json\/wp\/v2\/tags?post=36353"}],"curies":[{"name":"wp","href":"https:\/\/api.w.org\/{rel}","templated":true}]}}