{"id":36340,"date":"2018-07-12T19:14:59","date_gmt":"2018-07-12T22:14:59","guid":{"rendered":"https:\/\/eldiariodesanpedro.com.ar\/sitio\/?p=36340"},"modified":"2018-07-12T19:14:59","modified_gmt":"2018-07-12T22:14:59","slug":"buque-carga-maiz-en-el-puerto-de-san-pedro","status":"publish","type":"post","link":"https:\/\/eldiariodesanpedro.com.ar\/sitio\/buque-carga-maiz-en-el-puerto-de-san-pedro\/","title":{"rendered":"Buque carga ma\u00edz en el Puerto de San Pedro"},"content":{"rendered":"<p><!-- VideographyWP Plugin Message: Automatic video embedding prevented by plugin options. --><br \/>\nEl bloque de concejales K present\u00f3 un pedido de informes para reclamar informaci\u00f3n sobre una obra que hab\u00eda sido anunciada para estar concluida a principios de 2018. Stolbizer present\u00f3 una denuncia para que se investiguen irregularidades en el plan nacional. Los K, no obstante, no mencionaron a la dirigente del GEN.<\/p>\n","protected":false},"excerpt":{"rendered":"<p>El bloque de concejales K present\u00f3 un pedido de informes para reclamar informaci\u00f3n sobre una obra que hab\u00eda sido anunciada para estar concluida a principios de 2018. Stolbizer present\u00f3 una denuncia para que se investiguen irregularidades en el plan nacional. Los K, no obstante, no mencionaron a la dirigente del GEN.<\/p>\n","protected":false},"author":4,"featured_media":36341,"comment_status":"open","ping_status":"closed","sticky":false,"template":"","format":"standard","meta":{"om_disable_all_campaigns":false,"_jetpack_memberships_contains_paid_content":false,"footnotes":""},"categories":[101,2],"tags":[],"class_list":["post-36340","post","type-post","status-publish","format-standard","has-post-thumbnail","hentry","category-interes-general-locales","category-locales"],"aioseo_notices":[],"gutentor_comment":0,"jetpack_featured_media_url":"https:\/\/eldiariodesanpedro.com.ar\/sitio\/wp-content\/uploads\/2018\/07\/jupiter-bay_9414448_804438.570x1140.jpg","jetpack_shortlink":"https:\/\/wp.me\/p6RhLt-9s8","jetpack_sharing_enabled":true,"_links":{"self":[{"href":"https:\/\/eldiariodesanpedro.com.ar\/sitio\/wp-json\/wp\/v2\/posts\/36340","targetHints":{"allow":["GET"]}}],"collection":[{"href":"https:\/\/eldiariodesanpedro.com.ar\/sitio\/wp-json\/wp\/v2\/posts"}],"about":[{"href":"https:\/\/eldiariodesanpedro.com.ar\/sitio\/wp-json\/wp\/v2\/types\/post"}],"author":[{"embeddable":true,"href":"https:\/\/eldiariodesanpedro.com.ar\/sitio\/wp-json\/wp\/v2\/users\/4"}],"replies":[{"embeddable":true,"href":"https:\/\/eldiariodesanpedro.com.ar\/sitio\/wp-json\/wp\/v2\/comments?post=36340"}],"version-history":[{"count":1,"href":"https:\/\/eldiariodesanpedro.com.ar\/sitio\/wp-json\/wp\/v2\/posts\/36340\/revisions"}],"predecessor-version":[{"id":36342,"href":"https:\/\/eldiariodesanpedro.com.ar\/sitio\/wp-json\/wp\/v2\/posts\/36340\/revisions\/36342"}],"wp:featuredmedia":[{"embeddable":true,"href":"https:\/\/eldiariodesanpedro.com.ar\/sitio\/wp-json\/wp\/v2\/media\/36341"}],"wp:attachment":[{"href":"https:\/\/eldiariodesanpedro.com.ar\/sitio\/wp-json\/wp\/v2\/media?parent=36340"}],"wp:term":[{"taxonomy":"category","embeddable":true,"href":"https:\/\/eldiariodesanpedro.com.ar\/sitio\/wp-json\/wp\/v2\/categories?post=36340"},{"taxonomy":"post_tag","embeddable":true,"href":"https:\/\/eldiariodesanpedro.com.ar\/sitio\/wp-json\/wp\/v2\/tags?post=36340"}],"curies":[{"name":"wp","href":"https:\/\/api.w.org\/{rel}","templated":true}]}}