{"id":36337,"date":"2018-07-12T18:50:57","date_gmt":"2018-07-12T21:50:57","guid":{"rendered":"https:\/\/eldiariodesanpedro.com.ar\/sitio\/?p=36337"},"modified":"2018-07-12T18:52:44","modified_gmt":"2018-07-12T21:52:44","slug":"este-viernes-coopser-no-atendera-al-publico","status":"publish","type":"post","link":"https:\/\/eldiariodesanpedro.com.ar\/sitio\/este-viernes-coopser-no-atendera-al-publico\/","title":{"rendered":"Este viernes COOPSER no atender\u00e1 al publico"},"content":{"rendered":"<p><!-- VideographyWP Plugin Message: Automatic video embedding prevented by plugin options. --><br \/>\nEl Consejo de Administraci\u00f3n de COOPSER saluda a todos los trabajadores de la electricidad al celebrarse su d\u00eda el pr\u00f3ximo viernes 13 de,  instituido en recordaci\u00f3n a la creaci\u00f3n de la Federaci\u00f3n Argentina de Trabajadores de Luz y Fuerza en 1948. <\/p>\n<p>Se informa adem\u00e1s que por este motivo, las oficinas de atenci\u00f3n al p\u00fablico permanecer\u00e1n cerradas. Como es habitual en estos casos se mantienen todas las guardias necesarias y la actividad volver\u00e1 a la normalidad en el d\u00eda lunes.<\/p>\n","protected":false},"excerpt":{"rendered":"<p>El Consejo de Administraci\u00f3n de COOPSER saluda a todos los trabajadores de la electricidad al celebrarse su d\u00eda el pr\u00f3ximo viernes 13 de, instituido en recordaci\u00f3n a la creaci\u00f3n de la Federaci\u00f3n Argentina de Trabajadores de Luz y Fuerza en 1948. Se informa adem\u00e1s que por este motivo, las oficinas de atenci\u00f3n al p\u00fablico permanecer\u00e1n [&hellip;]<\/p>\n","protected":false},"author":4,"featured_media":6360,"comment_status":"open","ping_status":"closed","sticky":false,"template":"","format":"standard","meta":{"om_disable_all_campaigns":false,"_jetpack_memberships_contains_paid_content":false,"footnotes":""},"categories":[101,2],"tags":[],"class_list":["post-36337","post","type-post","status-publish","format-standard","has-post-thumbnail","hentry","category-interes-general-locales","category-locales"],"aioseo_notices":[],"gutentor_comment":0,"jetpack_featured_media_url":"https:\/\/eldiariodesanpedro.com.ar\/sitio\/wp-content\/uploads\/2016\/07\/coopser.jpg","jetpack_shortlink":"https:\/\/wp.me\/p6RhLt-9s5","jetpack_sharing_enabled":true,"_links":{"self":[{"href":"https:\/\/eldiariodesanpedro.com.ar\/sitio\/wp-json\/wp\/v2\/posts\/36337","targetHints":{"allow":["GET"]}}],"collection":[{"href":"https:\/\/eldiariodesanpedro.com.ar\/sitio\/wp-json\/wp\/v2\/posts"}],"about":[{"href":"https:\/\/eldiariodesanpedro.com.ar\/sitio\/wp-json\/wp\/v2\/types\/post"}],"author":[{"embeddable":true,"href":"https:\/\/eldiariodesanpedro.com.ar\/sitio\/wp-json\/wp\/v2\/users\/4"}],"replies":[{"embeddable":true,"href":"https:\/\/eldiariodesanpedro.com.ar\/sitio\/wp-json\/wp\/v2\/comments?post=36337"}],"version-history":[{"count":2,"href":"https:\/\/eldiariodesanpedro.com.ar\/sitio\/wp-json\/wp\/v2\/posts\/36337\/revisions"}],"predecessor-version":[{"id":36339,"href":"https:\/\/eldiariodesanpedro.com.ar\/sitio\/wp-json\/wp\/v2\/posts\/36337\/revisions\/36339"}],"wp:featuredmedia":[{"embeddable":true,"href":"https:\/\/eldiariodesanpedro.com.ar\/sitio\/wp-json\/wp\/v2\/media\/6360"}],"wp:attachment":[{"href":"https:\/\/eldiariodesanpedro.com.ar\/sitio\/wp-json\/wp\/v2\/media?parent=36337"}],"wp:term":[{"taxonomy":"category","embeddable":true,"href":"https:\/\/eldiariodesanpedro.com.ar\/sitio\/wp-json\/wp\/v2\/categories?post=36337"},{"taxonomy":"post_tag","embeddable":true,"href":"https:\/\/eldiariodesanpedro.com.ar\/sitio\/wp-json\/wp\/v2\/tags?post=36337"}],"curies":[{"name":"wp","href":"https:\/\/api.w.org\/{rel}","templated":true}]}}