{"id":36334,"date":"2018-07-12T11:21:45","date_gmt":"2018-07-12T14:21:45","guid":{"rendered":"https:\/\/eldiariodesanpedro.com.ar\/sitio\/?p=36334"},"modified":"2018-07-12T11:21:45","modified_gmt":"2018-07-12T14:21:45","slug":"san-nicolas-a-partir-del-lunes-se-frena-la-produccion-en-motomel","status":"publish","type":"post","link":"https:\/\/eldiariodesanpedro.com.ar\/sitio\/san-nicolas-a-partir-del-lunes-se-frena-la-produccion-en-motomel\/","title":{"rendered":"SAN NICOLAS: A partir del lunes se frena la producci\u00f3n en Motomel"},"content":{"rendered":"<p><!-- VideographyWP Plugin Message: Automatic video embedding prevented by plugin options. --><br \/>\nLa planta de ensamble de motopartes ubicada en La Emilia adelanta vacaciones a sus empleados durante el lapso de dos semanas, tiempo durante el cual no estar\u00e1n activas las l\u00edneas de producci\u00f3n. El objetivo de la empresa es nivelar el stock en un escenario de retracci\u00f3n de ventas.<\/p>\n<p>Tal como hab\u00eda anticipado EL NORTE, los trabajadores de la planta Motomel La Emilia acoger\u00e1n a un per\u00edodo de vacaciones adelantadas dispuesto por la empresa con el objetivo de equilibrar el stock de productos en un contexto de ventas retra\u00eddas. Para evitar sobre stockearse de productos, la empresa dejar\u00e1 de producir durante las pr\u00f3ximas dos semanas. S\u00f3lo se mantendr\u00e1n activas las tareas de mantenimiento y limpieza.<\/p>\n<p>Vale agregar que durante mayo se produjo la no renovaci\u00f3n de contratos a unos 130 trabajadores de la planta, mientras que en junio el gremio de la Uni\u00f3n Obrera Metal\u00fargica y las autoridades de la empresa hicieron acuerdos para instrumentar vacaciones de aquellos empleados que ten\u00edan d\u00edas pendientes.<\/p>\n<p>El enfriamiento del mercado de motos tiene n\u00fameros muy elocuentes. Un total de 58.038 unidades fueron patentados en mayo, lo que significa una merma del 7,4% respecto a abril pasado, seg\u00fan datos de la Asociaci\u00f3n de Concesionarios de Automotores de la Rep\u00fablica Argentina (Acara).<\/p>\n<p>En tanto el patentamiento de motos en junio alcanz\u00f3 a las 37.291 unidades, que significa una ca\u00edda del 36,1% en comparaci\u00f3n con mayo de este a\u00f1o, y del 18,2% en forma interanual, que origin\u00f3 un reclamo de las empresas al gobierno para \u00abintentar aminorar\u00bb la contracci\u00f3n en las ventas.<\/p>\n<p>La proyecci\u00f3n de la entidad es que con un acumulado en lo que va del a\u00f1o de 323.471 unidades, en el a\u00f1o 2018 \u201cdisminuir\u00e1 fuertemente\u201d la venta de unidades \u201cdebido a la devaluaci\u00f3n de la moneda local y una demanda en retroceso\u201d.<\/p>\n<p>Guerrero, en problemas<br \/>\nLa ca\u00edda en las ventas afecta a todo el sector de producci\u00f3n de motos. De hecho, la f\u00e1brica de motos Guerrero despidi\u00f3 operarios y cerr\u00f3 sus puertas la semana pasada.<\/p>\n<p>Los trabajadores del turno ma\u00f1ana llegaron para desempe\u00f1ar sus actividades y se encontraron con que todos los portones de acceso a la planta industrial ubicada en la localidad de San Lorenzo estaban cerrados con candados.<\/p>\n<p>La firma construye m\u00e1s de 400 unidades por d\u00eda en cuatro l\u00edneas de producci\u00f3n motorizadas, centros de mecanizados, bancos de prueba, cabina de pintura, horno de secado, torner\u00eda y herrer\u00eda, para lo que destina un equipo de 280 personas.<\/p>\n<p>Seg\u00fan la propia firma, m\u00e1s de 2.500 puestos de trabajo est\u00e1n indirectamente relacionados a la operatoria de Guerrero, entre quienes se encuentran talleristicas, transportistas, concesionarios, motopartistas, vendedores y promotores.<\/p>\n<p>DESTACADO I<\/p>\n<p>S\u00f3lo se mantendr\u00e1n activas las tareas de mantenimiento y limpieza.<\/p>\n<p>Vale agregar que durante mayo se produjo la no renovaci\u00f3n de contratos a unos 130 trabajadores de la planta.<\/p>\n","protected":false},"excerpt":{"rendered":"<p>La planta de ensamble de motopartes ubicada en La Emilia adelanta vacaciones a sus empleados durante el lapso de dos semanas, tiempo durante el cual no estar\u00e1n activas las l\u00edneas de producci\u00f3n. El objetivo de la empresa es nivelar el stock en un escenario de retracci\u00f3n de ventas. Tal como hab\u00eda anticipado EL NORTE, los [&hellip;]<\/p>\n","protected":false},"author":4,"featured_media":36335,"comment_status":"open","ping_status":"closed","sticky":false,"template":"","format":"standard","meta":{"om_disable_all_campaigns":false,"_jetpack_memberships_contains_paid_content":false,"footnotes":""},"categories":[621],"tags":[],"class_list":["post-36334","post","type-post","status-publish","format-standard","has-post-thumbnail","hentry","category-regionales"],"aioseo_notices":[],"gutentor_comment":0,"jetpack_featured_media_url":"https:\/\/eldiariodesanpedro.com.ar\/sitio\/wp-content\/uploads\/2018\/07\/elnorte5b47152cb2922_2-motomel-4c.jpg","jetpack_shortlink":"https:\/\/wp.me\/p6RhLt-9s2","jetpack_sharing_enabled":true,"_links":{"self":[{"href":"https:\/\/eldiariodesanpedro.com.ar\/sitio\/wp-json\/wp\/v2\/posts\/36334","targetHints":{"allow":["GET"]}}],"collection":[{"href":"https:\/\/eldiariodesanpedro.com.ar\/sitio\/wp-json\/wp\/v2\/posts"}],"about":[{"href":"https:\/\/eldiariodesanpedro.com.ar\/sitio\/wp-json\/wp\/v2\/types\/post"}],"author":[{"embeddable":true,"href":"https:\/\/eldiariodesanpedro.com.ar\/sitio\/wp-json\/wp\/v2\/users\/4"}],"replies":[{"embeddable":true,"href":"https:\/\/eldiariodesanpedro.com.ar\/sitio\/wp-json\/wp\/v2\/comments?post=36334"}],"version-history":[{"count":1,"href":"https:\/\/eldiariodesanpedro.com.ar\/sitio\/wp-json\/wp\/v2\/posts\/36334\/revisions"}],"predecessor-version":[{"id":36336,"href":"https:\/\/eldiariodesanpedro.com.ar\/sitio\/wp-json\/wp\/v2\/posts\/36334\/revisions\/36336"}],"wp:featuredmedia":[{"embeddable":true,"href":"https:\/\/eldiariodesanpedro.com.ar\/sitio\/wp-json\/wp\/v2\/media\/36335"}],"wp:attachment":[{"href":"https:\/\/eldiariodesanpedro.com.ar\/sitio\/wp-json\/wp\/v2\/media?parent=36334"}],"wp:term":[{"taxonomy":"category","embeddable":true,"href":"https:\/\/eldiariodesanpedro.com.ar\/sitio\/wp-json\/wp\/v2\/categories?post=36334"},{"taxonomy":"post_tag","embeddable":true,"href":"https:\/\/eldiariodesanpedro.com.ar\/sitio\/wp-json\/wp\/v2\/tags?post=36334"}],"curies":[{"name":"wp","href":"https:\/\/api.w.org\/{rel}","templated":true}]}}