{"id":36331,"date":"2018-07-12T11:13:20","date_gmt":"2018-07-12T14:13:20","guid":{"rendered":"https:\/\/eldiariodesanpedro.com.ar\/sitio\/?p=36331"},"modified":"2018-07-12T11:13:20","modified_gmt":"2018-07-12T14:13:20","slug":"campana-inentendible-conmocion-por-la-muerte-de-un-chico-de-13-anos-en-el-b-dignidad","status":"publish","type":"post","link":"https:\/\/eldiariodesanpedro.com.ar\/sitio\/campana-inentendible-conmocion-por-la-muerte-de-un-chico-de-13-anos-en-el-b-dignidad\/","title":{"rendered":"CAMPANA: Inentendible, conmoci\u00f3n por la muerte de un chico de 13 a\u00f1os en el B\u00b0 Dignidad"},"content":{"rendered":"<p><!-- VideographyWP Plugin Message: Automatic video embedding prevented by plugin options. --><br \/>\nEl menor se quit\u00f3 la vida en su vivienda, en horas de la ma\u00f1ana del miercoles. Al parecer, se encontraba s\u00f3lo al momento de la dr\u00e1stica decisi\u00f3n. Personal policial acudi\u00f3 al lugar del hecho, donde se realizaron las pericias de rigor. Suspenden las clases en la escuela a la que asist\u00eda.<\/p>\n<p>Dolor y mucha angustia por la muerte de un ni\u00f1o de 13 a\u00f1os, quien se quit\u00f3 la vida en su casa de calle Vigna 137, en el barrio Dignidad.<\/p>\n<p>La v\u00edctima, identificada como Misahel Palermo, fue hallado por su t\u00eda. De inmediato, se dio intervenci\u00f3n a la Polic\u00eda. El m\u00f3vil de zona 5 del Comando Patrulla se hizo presente en el lugar.<\/p>\n<p>El hecho ocurri\u00f3 cerca de las 10:40 de la ma\u00f1ana. Tomo intervenci\u00f3n a cargo del Dr. Barrionuevo, representante de la Fiscal\u00eda local. <\/p>\n<p>Vecinos y compa\u00f1eros del menor, quien asist\u00eda a la Escuela Media N\u00b03 del barrio Siderca, aseguraron que se trataba de un \u201cexcelente chico\u201d. Ma\u00f1ana Jueves, las clases fueron suspendidas en el establecimiento.<\/p>\n<p>Fuente: <a href=\"http:\/\/www.campananoticias.com\/noticia\/50194\/conmocin-por-la-muerte-de-un-chico-de-13-aos-en-el-b-dignidad\">Campana Noticias<\/a><\/p>\n","protected":false},"excerpt":{"rendered":"<p>El menor se quit\u00f3 la vida en su vivienda, en horas de la ma\u00f1ana del miercoles. Al parecer, se encontraba s\u00f3lo al momento de la dr\u00e1stica decisi\u00f3n. Personal policial acudi\u00f3 al lugar del hecho, donde se realizaron las pericias de rigor. Suspenden las clases en la escuela a la que asist\u00eda. Dolor y mucha angustia [&hellip;]<\/p>\n","protected":false},"author":4,"featured_media":36332,"comment_status":"open","ping_status":"closed","sticky":false,"template":"","format":"standard","meta":{"om_disable_all_campaigns":false,"_jetpack_memberships_contains_paid_content":false,"footnotes":""},"categories":[621],"tags":[],"class_list":["post-36331","post","type-post","status-publish","format-standard","has-post-thumbnail","hentry","category-regionales"],"aioseo_notices":[],"gutentor_comment":0,"jetpack_featured_media_url":"https:\/\/eldiariodesanpedro.com.ar\/sitio\/wp-content\/uploads\/2018\/07\/20180711090634.jpg","jetpack_shortlink":"https:\/\/wp.me\/p6RhLt-9rZ","jetpack_sharing_enabled":true,"_links":{"self":[{"href":"https:\/\/eldiariodesanpedro.com.ar\/sitio\/wp-json\/wp\/v2\/posts\/36331","targetHints":{"allow":["GET"]}}],"collection":[{"href":"https:\/\/eldiariodesanpedro.com.ar\/sitio\/wp-json\/wp\/v2\/posts"}],"about":[{"href":"https:\/\/eldiariodesanpedro.com.ar\/sitio\/wp-json\/wp\/v2\/types\/post"}],"author":[{"embeddable":true,"href":"https:\/\/eldiariodesanpedro.com.ar\/sitio\/wp-json\/wp\/v2\/users\/4"}],"replies":[{"embeddable":true,"href":"https:\/\/eldiariodesanpedro.com.ar\/sitio\/wp-json\/wp\/v2\/comments?post=36331"}],"version-history":[{"count":1,"href":"https:\/\/eldiariodesanpedro.com.ar\/sitio\/wp-json\/wp\/v2\/posts\/36331\/revisions"}],"predecessor-version":[{"id":36333,"href":"https:\/\/eldiariodesanpedro.com.ar\/sitio\/wp-json\/wp\/v2\/posts\/36331\/revisions\/36333"}],"wp:featuredmedia":[{"embeddable":true,"href":"https:\/\/eldiariodesanpedro.com.ar\/sitio\/wp-json\/wp\/v2\/media\/36332"}],"wp:attachment":[{"href":"https:\/\/eldiariodesanpedro.com.ar\/sitio\/wp-json\/wp\/v2\/media?parent=36331"}],"wp:term":[{"taxonomy":"category","embeddable":true,"href":"https:\/\/eldiariodesanpedro.com.ar\/sitio\/wp-json\/wp\/v2\/categories?post=36331"},{"taxonomy":"post_tag","embeddable":true,"href":"https:\/\/eldiariodesanpedro.com.ar\/sitio\/wp-json\/wp\/v2\/tags?post=36331"}],"curies":[{"name":"wp","href":"https:\/\/api.w.org\/{rel}","templated":true}]}}