{"id":36327,"date":"2018-07-12T09:48:57","date_gmt":"2018-07-12T12:48:57","guid":{"rendered":"https:\/\/eldiariodesanpedro.com.ar\/sitio\/?p=36327"},"modified":"2018-07-12T09:48:57","modified_gmt":"2018-07-12T12:48:57","slug":"ramallo-violento-y-millonario-robo-en-talabarteria-los-nogales","status":"publish","type":"post","link":"https:\/\/eldiariodesanpedro.com.ar\/sitio\/ramallo-violento-y-millonario-robo-en-talabarteria-los-nogales\/","title":{"rendered":"RAMALLO: Violento y millonario robo en Talabarter\u00eda \u201cLos Nogales\u201d"},"content":{"rendered":"<p><!-- VideographyWP Plugin Message: Automatic video embedding prevented by plugin options. --><br \/>\nTres delincuentes fuertemente armados robaron en las \u00faltimas horas del martes en este comercio ubicado en Cuartel V de Ramallo. Se llevaron dinero en efectivo, anillos de oro, mercader\u00eda y los tel\u00e9fonos celulares de las siete personas que fueron tomadas como rehenes mientras perpetraban el hecho. \u201cNos dec\u00edan que si no les d\u00e1bamos la plata nos mataban\u201d, cont\u00f3 Daniel Ponte propietario del lugar.<\/p>\n<p>En las \u00faltimas horas de la tarde del martes, tres delincuentes armados y con sus rostros descubiertos, protagonizaron un violento robo en la Talabarter\u00eda \u201cLos Nogales\u201d, que se encuentra ubicada en plena zona rural a un par de kil\u00f3metros del camino de la costa. En el lugar se encontraban sus propietarios, un proveedor de mercader\u00eda y dos clientes, que fueron sorprendidos por los tres violentos ladrones que aparecieron imprevistamente en el local. Posteriormente sumaron al grupo a dos sobrinos de los due\u00f1os del comercio, chicos de 13 y 15 a\u00f1os, que viven en una casa cercana al comercio. A todos los hicieron acostar en el piso mientras los insultaban, les pegaban y les ped\u00edan la plata y los d\u00f3lares. \u201cDame los d\u00f3lares si no queres que los mate a todos\u201d, les gritaban ante el miedo generalizado, seg\u00fan coment\u00f3 ante EL NORTE, Daniel Ponte.<\/p>\n<p>\u201cEn el local est\u00e1bamos nosotros, una pareja que estaban comprando y un proveedor que hab\u00eda venido desde Entre R\u00edos. Imprevistamente ingresaron a los gritos los tres ladrones, nos amenazaron con sus armas, y nos tiraron al piso mientras nos pegaban. Cuando se dieron cuenta que en la casa que se encuentra pegada al negocio hab\u00eda gente se fueron hacia all\u00ed y se trajeron a los dos hijos de mi cu\u00f1ado que estaban solos. Ah\u00ed ya nos tuvieron a los siete indefensos con nuestras caras contra el piso, a mi me hirieron la cabeza de un culatazo y a uno de mis sobrinos tambi\u00e9n lo lastimaron, y nos amenazaban que si no les d\u00e1bamos lo que quer\u00edan nos mataban\u201d, coment\u00f3 Ponte.<\/p>\n<p>El calvario se extendi\u00f3 durante unos 45  minutos, que para las v\u00edctimas fueron horas. \u201cLos tipos nos dec\u00edan que estaban al tanto que en la casa hab\u00eda plata y d\u00f3lares, que quer\u00edan todo lo que ten\u00edamos porque si no nos mataban. Le dimos unos ochenta mil pesos que hab\u00eda en la caja para pagar a los proveedores, pero no les alcanzaba y ped\u00edan m\u00e1s. Mi mujer les dijo que se llevaran la mercader\u00eda, pero ellos insist\u00edan que no quer\u00edan eso. Despu\u00e9s a ella le sacaron dos anillos de oro, uno no le sal\u00eda del dedo y casi se lo cortan para sac\u00e1rselo, y tambi\u00e9n se llevaron los celulares de las siete personas que est\u00e1bamos all\u00ed\u201d, cont\u00f3 luego.<\/p>\n<p>Fuga<\/p>\n<p>Ninguna de las personas que fueron tomadas como rehenes pudieron ver c\u00f3mo llegaron los delincuentes al lugar, pero escucharon el ruido del motor de un auto que arranc\u00f3 en el mismo momento que estas personas se daban a la fuga a bordo de una camioneta Toyota Hilux perteneciente a los ocasionales clientes: \u201cCuando se dieron cuenta que no se iban a poder llevar m\u00e1s que los ochenta mil pesos que ya les hab\u00edamos dado empezaron a cargar mercader\u00eda en la caja de la camioneta del cliente. M\u00e1s que nada se llevaron cuchillos, equipos de caballo, rastras y otros elementos de ese tipo. Todav\u00eda no hicimos bien los n\u00fameros, pero creemos que fueron unos quinientos mil pesos en mercader\u00eda. Cuando cargaron todo en la caja nos amenazaron nuevamente, nos pidieron que no nos movamos por un rato y se dieron a la fuga\u201d, inform\u00f3 Ponte.<\/p>\n<p>El hecho fue caratulado como \u201cRobo Agravado\u201d y tomaron intervenci\u00f3n personal de la comisar\u00eda Segunda de Villa Ramallo, DDI Local y de Patrulla Rural.<\/p>\n<p>PIE DE FOTO LOS NOGALES<\/p>\n<p>Los delincuentes ingresaron por la puerta principal del local y durante 45 minutos les hicieron vivir un verdadero calvario a quienes estaban en el lugar.<\/p>\n<p>\u201cFueron 45 minutos donde nos insultaron, nos lastimaron con los rev\u00f3lveres y nos amenazaban que si no les d\u00e1bamos toda la plata nos iban a matar. Creo que todos agach\u00e1bamos la cabeza esperando que nos hicieran algo y rezando para que no nos maten. Despu\u00e9s que pas\u00f3 todo, habl\u00e1bamos con mi se\u00f1ora que tenemos que estar contentos de seguir vivos y habr\u00e1 que trabajar m\u00e1s que antes para recuperarnos. Nos llevaron el esfuerzo de quince a\u00f1os de trabajo, pero lo material va y viene\u201d.<\/p>\n<p>\u201cEran tres tipos de no m\u00e1s de 30 a\u00f1os, que estaban muy nerviosos y en todo momento nos dec\u00edan que sab\u00edan que ten\u00edamos plata y d\u00f3lares. Creo que esperaban llevarse m\u00e1s dinero y cuando se dieron cuenta que no ten\u00edamos m\u00e1s que eso decidieron llevarse la mercader\u00eda. Ellos se fueron en la camioneta del cliente, pero creemos que los estaban esperando en otro veh\u00edculo porque nos pareci\u00f3 haber escuchado el ruido de otro motor en el momento de la huida\u201d.<br \/>\nFuente: Diario El Norte<\/p>\n","protected":false},"excerpt":{"rendered":"<p>Tres delincuentes fuertemente armados robaron en las \u00faltimas horas del martes en este comercio ubicado en Cuartel V de Ramallo. Se llevaron dinero en efectivo, anillos de oro, mercader\u00eda y los tel\u00e9fonos celulares de las siete personas que fueron tomadas como rehenes mientras perpetraban el hecho. \u201cNos dec\u00edan que si no les d\u00e1bamos la plata [&hellip;]<\/p>\n","protected":false},"author":4,"featured_media":36328,"comment_status":"open","ping_status":"closed","sticky":false,"template":"","format":"standard","meta":{"om_disable_all_campaigns":false,"_jetpack_memberships_contains_paid_content":false,"footnotes":""},"categories":[621],"tags":[],"class_list":["post-36327","post","type-post","status-publish","format-standard","has-post-thumbnail","hentry","category-regionales"],"aioseo_notices":[],"gutentor_comment":0,"jetpack_featured_media_url":"https:\/\/eldiariodesanpedro.com.ar\/sitio\/wp-content\/uploads\/2018\/07\/elnorte5b4716c1baa75_1-talabarteria.jpg","jetpack_shortlink":"https:\/\/wp.me\/p6RhLt-9rV","jetpack_sharing_enabled":true,"_links":{"self":[{"href":"https:\/\/eldiariodesanpedro.com.ar\/sitio\/wp-json\/wp\/v2\/posts\/36327","targetHints":{"allow":["GET"]}}],"collection":[{"href":"https:\/\/eldiariodesanpedro.com.ar\/sitio\/wp-json\/wp\/v2\/posts"}],"about":[{"href":"https:\/\/eldiariodesanpedro.com.ar\/sitio\/wp-json\/wp\/v2\/types\/post"}],"author":[{"embeddable":true,"href":"https:\/\/eldiariodesanpedro.com.ar\/sitio\/wp-json\/wp\/v2\/users\/4"}],"replies":[{"embeddable":true,"href":"https:\/\/eldiariodesanpedro.com.ar\/sitio\/wp-json\/wp\/v2\/comments?post=36327"}],"version-history":[{"count":1,"href":"https:\/\/eldiariodesanpedro.com.ar\/sitio\/wp-json\/wp\/v2\/posts\/36327\/revisions"}],"predecessor-version":[{"id":36329,"href":"https:\/\/eldiariodesanpedro.com.ar\/sitio\/wp-json\/wp\/v2\/posts\/36327\/revisions\/36329"}],"wp:featuredmedia":[{"embeddable":true,"href":"https:\/\/eldiariodesanpedro.com.ar\/sitio\/wp-json\/wp\/v2\/media\/36328"}],"wp:attachment":[{"href":"https:\/\/eldiariodesanpedro.com.ar\/sitio\/wp-json\/wp\/v2\/media?parent=36327"}],"wp:term":[{"taxonomy":"category","embeddable":true,"href":"https:\/\/eldiariodesanpedro.com.ar\/sitio\/wp-json\/wp\/v2\/categories?post=36327"},{"taxonomy":"post_tag","embeddable":true,"href":"https:\/\/eldiariodesanpedro.com.ar\/sitio\/wp-json\/wp\/v2\/tags?post=36327"}],"curies":[{"name":"wp","href":"https:\/\/api.w.org\/{rel}","templated":true}]}}