{"id":36318,"date":"2018-07-11T22:32:05","date_gmt":"2018-07-12T01:32:05","guid":{"rendered":"https:\/\/eldiariodesanpedro.com.ar\/sitio\/?p=36318"},"modified":"2018-07-11T22:32:05","modified_gmt":"2018-07-12T01:32:05","slug":"tras-la-conferencia-los-dirigentes-nacionales-del-mte-dieron-su-opinion-de-lo-sucedido","status":"publish","type":"post","link":"https:\/\/eldiariodesanpedro.com.ar\/sitio\/tras-la-conferencia-los-dirigentes-nacionales-del-mte-dieron-su-opinion-de-lo-sucedido\/","title":{"rendered":"Tras la conferencia los dirigentes nacionales del MTE dieron su opini\u00f3n de lo sucedido"},"content":{"rendered":"<p><!-- VideographyWP Plugin Message: Automatic video embedding prevented by plugin options. --><br \/>\n  El dirigente social Juan Grabois lleg\u00f3 esta tarde a San Pedro para solidarizarse con los manifestantes reprimidos durante la protesta de los Recuperadores y Recicladores del Basural nucleados en el Movimiento de Trabajadores Excluidos. <\/p>\n<p>  Grabois, fundador del movimiento y de la Confederaci\u00f3n de Trabajadores de la Econom\u00eda Popular, solicit\u00f3 reunirse con las autoridades municipales a fin de plantear nuevamente los reclamos por guantes, botas, ba\u00f1os y elementos de seguridad, entre otros puntos. <\/p>\n<p>  \u201cVinimos con un grupo de abogados para solidarizarnos. Se dio una situaci\u00f3n muy terrible en donde un grupo de trabajadores del Basural vinieron a hacer un reclamo por los compromisos firmados en abril, entre ellos condiciones de seguridad b\u00e1sicas para un lugar en donde hay ni\u00f1os y una situaci\u00f3n de mucha vulnerabilidad\u00bb explic\u00f3 a los medios de prensa. <\/p>\n<p>  \u00abHay una vulneraci\u00f3n de los derechos m\u00e1s elementales de las personas m\u00e1s pobres del lugar. Cuando esas obligaciones se postergan, no se cumplen, creemos que es necesario el ejercicio de la protesta social\u00bb agreg\u00f3 el abogado. <\/p>\n<p>  \u00abHoy vimos el rostro m\u00e1s feo del Estado: en vez de dar respuestas el Intendente, hubo una medida represiva con agentes que no tienen identificaci\u00f3n y vamos a hacer una denuncia penal por la represi\u00f3n y por el abandono de personas en el Basural\u00bb adelant\u00f3 Grabois. (Fuente: Noticias San Pedro)<\/p>\n<p><iframe data-src=\"https:\/\/www.facebook.com\/plugins\/video.php?href=https%3A%2F%2Fwww.facebook.com%2Feldiario.desanpedro%2Fvideos%2F807659202776554%2F&#038;show_text=0&#038;width=560\" width=\"560\" height=\"315\" style=\"border:none;overflow:hidden\" scrolling=\"no\" frameborder=\"0\" allowTransparency=\"true\" allowFullScreen=\"true\" src=\"data:image\/svg+xml;base64,PHN2ZyB3aWR0aD0iMSIgaGVpZ2h0PSIxIiB4bWxucz0iaHR0cDovL3d3dy53My5vcmcvMjAwMC9zdmciPjwvc3ZnPg==\" class=\"lazyload\" data-load-mode=\"1\"><\/iframe><\/p>\n","protected":false},"excerpt":{"rendered":"<p>El dirigente social Juan Grabois lleg\u00f3 esta tarde a San Pedro para solidarizarse con los manifestantes reprimidos durante la protesta de los Recuperadores y Recicladores del Basural nucleados en el Movimiento de Trabajadores Excluidos. Grabois, fundador del movimiento y de la Confederaci\u00f3n de Trabajadores de la Econom\u00eda Popular, solicit\u00f3 reunirse con las autoridades municipales a [&hellip;]<\/p>\n","protected":false},"author":4,"featured_media":36319,"comment_status":"open","ping_status":"closed","sticky":false,"template":"","format":"standard","meta":{"om_disable_all_campaigns":false,"_jetpack_memberships_contains_paid_content":false,"footnotes":""},"categories":[2,103],"tags":[],"class_list":["post-36318","post","type-post","status-publish","format-standard","has-post-thumbnail","hentry","category-locales","category-policiales-locales"],"aioseo_notices":[],"gutentor_comment":0,"jetpack_featured_media_url":"https:\/\/eldiariodesanpedro.com.ar\/sitio\/wp-content\/uploads\/2018\/07\/PAGINA-3.jpeg","jetpack_shortlink":"https:\/\/wp.me\/p6RhLt-9rM","jetpack_sharing_enabled":true,"_links":{"self":[{"href":"https:\/\/eldiariodesanpedro.com.ar\/sitio\/wp-json\/wp\/v2\/posts\/36318","targetHints":{"allow":["GET"]}}],"collection":[{"href":"https:\/\/eldiariodesanpedro.com.ar\/sitio\/wp-json\/wp\/v2\/posts"}],"about":[{"href":"https:\/\/eldiariodesanpedro.com.ar\/sitio\/wp-json\/wp\/v2\/types\/post"}],"author":[{"embeddable":true,"href":"https:\/\/eldiariodesanpedro.com.ar\/sitio\/wp-json\/wp\/v2\/users\/4"}],"replies":[{"embeddable":true,"href":"https:\/\/eldiariodesanpedro.com.ar\/sitio\/wp-json\/wp\/v2\/comments?post=36318"}],"version-history":[{"count":1,"href":"https:\/\/eldiariodesanpedro.com.ar\/sitio\/wp-json\/wp\/v2\/posts\/36318\/revisions"}],"predecessor-version":[{"id":36320,"href":"https:\/\/eldiariodesanpedro.com.ar\/sitio\/wp-json\/wp\/v2\/posts\/36318\/revisions\/36320"}],"wp:featuredmedia":[{"embeddable":true,"href":"https:\/\/eldiariodesanpedro.com.ar\/sitio\/wp-json\/wp\/v2\/media\/36319"}],"wp:attachment":[{"href":"https:\/\/eldiariodesanpedro.com.ar\/sitio\/wp-json\/wp\/v2\/media?parent=36318"}],"wp:term":[{"taxonomy":"category","embeddable":true,"href":"https:\/\/eldiariodesanpedro.com.ar\/sitio\/wp-json\/wp\/v2\/categories?post=36318"},{"taxonomy":"post_tag","embeddable":true,"href":"https:\/\/eldiariodesanpedro.com.ar\/sitio\/wp-json\/wp\/v2\/tags?post=36318"}],"curies":[{"name":"wp","href":"https:\/\/api.w.org\/{rel}","templated":true}]}}