{"id":36313,"date":"2018-07-11T22:25:32","date_gmt":"2018-07-12T01:25:32","guid":{"rendered":"https:\/\/eldiariodesanpedro.com.ar\/sitio\/?p=36313"},"modified":"2018-07-11T22:25:32","modified_gmt":"2018-07-12T01:25:32","slug":"protesta-frente-a-la-comisaria-local-para-la-liberacion-de-los-manifestantes-aprehendidos","status":"publish","type":"post","link":"https:\/\/eldiariodesanpedro.com.ar\/sitio\/protesta-frente-a-la-comisaria-local-para-la-liberacion-de-los-manifestantes-aprehendidos\/","title":{"rendered":"Protesta frente a la comisaria local para la liberaci\u00f3n de los manifestantes aprehendidos"},"content":{"rendered":"<p><!-- VideographyWP Plugin Message: Automatic video embedding prevented by plugin options. --><br \/>\nLos dirigentes del Movimiento de Trabajadores Exclu\u00eddos que fueron detenidos recuperaron su libertad alrededor de las 17 hs. La liberaci\u00f3n fue pedida, respaldada y motivada por un gran grupo de personas que se manifest\u00f3 fuera de la Comisar\u00eda durante toda la tarde. Formando parte de este grupo hab\u00eda dirigentes pol\u00edticos de diferentes partidos opositores, representantes de San Pedro Reclama, representantes de la CGT Regional, organizaciones sociales y dirigentes sindicales; todos unidos solidariz\u00e1ndose y solicitando la libertad de los aprehendidos, considerados por ellos como \u00abv\u00edctimas de una represi\u00f3n\u00bb por parte de los efectivos policiales y las autoridades municipales.<\/p>\n<p>  \u00abQueremos agradecer a este conjunto de trabajadores. Fue desmedido lo que pas\u00f3. Vinimos a acompa\u00f1ar a nuestras compa\u00f1eras de La Tosquera que laburan todos y cada uno de sus d\u00edas en un basural a cielo abierto; pero tratan de doblegarlas, porque lo que hizo la polic\u00eda fue absolutamente desmedido\u00bb expres\u00f3 Jacqueline Flores, referente nacional del MTE, quien se encontraba entre los detenidos.<\/p>\n<p><iframe data-src=\"https:\/\/www.facebook.com\/plugins\/video.php?href=https%3A%2F%2Fwww.facebook.com%2Feldiario.desanpedro%2Fvideos%2F807563229452818%2F&#038;show_text=0&#038;width=560\" width=\"560\" height=\"315\" style=\"border:none;overflow:hidden\" scrolling=\"no\" frameborder=\"0\" allowTransparency=\"true\" allowFullScreen=\"true\" src=\"data:image\/svg+xml;base64,PHN2ZyB3aWR0aD0iMSIgaGVpZ2h0PSIxIiB4bWxucz0iaHR0cDovL3d3dy53My5vcmcvMjAwMC9zdmciPjwvc3ZnPg==\" class=\"lazyload\" data-load-mode=\"1\"><\/iframe><\/p>\n","protected":false},"excerpt":{"rendered":"<p>Los dirigentes del Movimiento de Trabajadores Exclu\u00eddos que fueron detenidos recuperaron su libertad alrededor de las 17 hs. La liberaci\u00f3n fue pedida, respaldada y motivada por un gran grupo de personas que se manifest\u00f3 fuera de la Comisar\u00eda durante toda la tarde. Formando parte de este grupo hab\u00eda dirigentes pol\u00edticos de diferentes partidos opositores, representantes [&hellip;]<\/p>\n","protected":false},"author":4,"featured_media":36314,"comment_status":"open","ping_status":"closed","sticky":false,"template":"","format":"standard","meta":{"om_disable_all_campaigns":false,"_jetpack_memberships_contains_paid_content":false,"footnotes":""},"categories":[2,103],"tags":[],"class_list":["post-36313","post","type-post","status-publish","format-standard","has-post-thumbnail","hentry","category-locales","category-policiales-locales"],"aioseo_notices":[],"gutentor_comment":0,"jetpack_featured_media_url":"https:\/\/eldiariodesanpedro.com.ar\/sitio\/wp-content\/uploads\/2018\/07\/PAGINA-3-TRES.jpeg","jetpack_shortlink":"https:\/\/wp.me\/p6RhLt-9rH","jetpack_sharing_enabled":true,"_links":{"self":[{"href":"https:\/\/eldiariodesanpedro.com.ar\/sitio\/wp-json\/wp\/v2\/posts\/36313","targetHints":{"allow":["GET"]}}],"collection":[{"href":"https:\/\/eldiariodesanpedro.com.ar\/sitio\/wp-json\/wp\/v2\/posts"}],"about":[{"href":"https:\/\/eldiariodesanpedro.com.ar\/sitio\/wp-json\/wp\/v2\/types\/post"}],"author":[{"embeddable":true,"href":"https:\/\/eldiariodesanpedro.com.ar\/sitio\/wp-json\/wp\/v2\/users\/4"}],"replies":[{"embeddable":true,"href":"https:\/\/eldiariodesanpedro.com.ar\/sitio\/wp-json\/wp\/v2\/comments?post=36313"}],"version-history":[{"count":1,"href":"https:\/\/eldiariodesanpedro.com.ar\/sitio\/wp-json\/wp\/v2\/posts\/36313\/revisions"}],"predecessor-version":[{"id":36315,"href":"https:\/\/eldiariodesanpedro.com.ar\/sitio\/wp-json\/wp\/v2\/posts\/36313\/revisions\/36315"}],"wp:featuredmedia":[{"embeddable":true,"href":"https:\/\/eldiariodesanpedro.com.ar\/sitio\/wp-json\/wp\/v2\/media\/36314"}],"wp:attachment":[{"href":"https:\/\/eldiariodesanpedro.com.ar\/sitio\/wp-json\/wp\/v2\/media?parent=36313"}],"wp:term":[{"taxonomy":"category","embeddable":true,"href":"https:\/\/eldiariodesanpedro.com.ar\/sitio\/wp-json\/wp\/v2\/categories?post=36313"},{"taxonomy":"post_tag","embeddable":true,"href":"https:\/\/eldiariodesanpedro.com.ar\/sitio\/wp-json\/wp\/v2\/tags?post=36313"}],"curies":[{"name":"wp","href":"https:\/\/api.w.org\/{rel}","templated":true}]}}