{"id":36308,"date":"2018-07-11T22:21:50","date_gmt":"2018-07-12T01:21:50","guid":{"rendered":"https:\/\/eldiariodesanpedro.com.ar\/sitio\/?p=36308"},"modified":"2018-07-11T22:21:50","modified_gmt":"2018-07-12T01:21:50","slug":"conferencia-de-prensa-del-ejecutivo-tras-los-incidentes-en-la-municipalidad-video","status":"publish","type":"post","link":"https:\/\/eldiariodesanpedro.com.ar\/sitio\/conferencia-de-prensa-del-ejecutivo-tras-los-incidentes-en-la-municipalidad-video\/","title":{"rendered":"Conferencia de Prensa del ejecutivo tras los incidentes en la Municipalidad (Video)"},"content":{"rendered":"<p><!-- VideographyWP Plugin Message: Automatic video embedding prevented by plugin options. --><br \/>\n  El Secretario de Gobierno, Silvio Corti brind\u00f3 una conferencia de prensa, acompa\u00f1ado por el Secretario de Seguridad Eduardo Roleri y el Director de Coordinaci\u00f3n Policial Juan Carlos Ag\u00fcero.<br \/>\n  En la misma se dio a conocer la posici\u00f3n oficial del Municipio con respecto a los incidentes que se registraron este mediod\u00eda frente al Palacio Municipal.<br \/>\n  A su lado se encontraban representantes de la Comisi\u00f3n de Fomento del barrio La Tosquera, encabezados por Claudio Molina, quienes el pasado fin de semana hab\u00edan planteado sus diferencias con el Movimiento de Trabajadores Excluidos. En la conferencia, Molina volvi\u00f3 a cuestionar las intenciones del MTE y la distribuci\u00f3n de programas entre los trabajadores del basural.<br \/>\n  \u00abEsta organizaci\u00f3n pol\u00edtica que es de San Nicol\u00e1s viene con gente de Buenos Aires tambi\u00e9n. La primera vez irrumpieron en el Municipio poniendo en riesgo a la gente. La segunda vez estuvimos con un dispositivo policial para que no ingresen por la fuerza. La primera vez fueron atendidos por m\u00ed, la segunda por el Concejo Deliberante y, en esta tercera, vinieron con intenciones de generar un disturbio m\u00e1s importante poniendo en riesgo la seguridad de las personas\u00bb plante\u00f3 Corti.<br \/>\n  \u00abQuemaron cubiertas, tuvimos que evacuar oficinas, un efectivo con matafuegos las apag\u00f3. La polic\u00eda fue atacada a piedrazos y se respondi\u00f3 deteniendo a una de las personas que estaban agrediendo a la polic\u00eda\u00bb sintetizando el episodio que concluy\u00f3 con una represi\u00f3n y seis personas detenidas.<br \/>\n  \u00abTuvimos cinco efectivos policiales atendidos en el Hospital con heridas por piedrazos. Algunos de los manifestantes tambi\u00e9n, lamentablemente, tuvieron que ser atendidos en el Hospital. Los aprehendidos son 3 personas de Buenos Aires y 3 de San Nicol\u00e1s. De las personas que manifestaban no hab\u00eda pr\u00e1cticamente nadie de San Pedro\u00bb consider\u00f3.<br \/>\n  Corti sostuvo: \u00abEs extra\u00f1o que se venga a plantear de afuera un problema que es real, que existe y que tiene d\u00e9cadas, esta situaci\u00f3n de que la disposici\u00f3n final de los residuos urbanos va a un basural a cielo abierto\u00bb. En el mismo sentido, plante\u00f3 que \u00abes un problema ambiental, econ\u00f3mico y social cuya soluci\u00f3n este gobierno encarg\u00f3 por primera vez con un plan de manejo integral de los residuos s\u00f3lidos urbanos y, el Intendente dio la orden de que cualquier soluci\u00f3n que encontremos sea incluyendo a la gente del barrio La Tosquera, por eso se rechaz\u00f3 el relleno sanitario\u00bb. (Fuente: Noticias San Pedro)<\/p>\n<p><iframe data-src=\"https:\/\/www.facebook.com\/plugins\/video.php?href=https%3A%2F%2Fwww.facebook.com%2Feldiario.desanpedro%2Fvideos%2F807622922780182%2F&#038;show_text=0&#038;width=560\" width=\"560\" height=\"315\" style=\"border:none;overflow:hidden\" scrolling=\"no\" frameborder=\"0\" allowTransparency=\"true\" allowFullScreen=\"true\" src=\"data:image\/svg+xml;base64,PHN2ZyB3aWR0aD0iMSIgaGVpZ2h0PSIxIiB4bWxucz0iaHR0cDovL3d3dy53My5vcmcvMjAwMC9zdmciPjwvc3ZnPg==\" class=\"lazyload\" data-load-mode=\"1\"><\/iframe><\/p>\n","protected":false},"excerpt":{"rendered":"<p>El Secretario de Gobierno, Silvio Corti brind\u00f3 una conferencia de prensa, acompa\u00f1ado por el Secretario de Seguridad Eduardo Roleri y el Director de Coordinaci\u00f3n Policial Juan Carlos Ag\u00fcero. En la misma se dio a conocer la posici\u00f3n oficial del Municipio con respecto a los incidentes que se registraron este mediod\u00eda frente al Palacio Municipal. A [&hellip;]<\/p>\n","protected":false},"author":4,"featured_media":36310,"comment_status":"open","ping_status":"closed","sticky":false,"template":"","format":"standard","meta":{"om_disable_all_campaigns":false,"_jetpack_memberships_contains_paid_content":false,"footnotes":""},"categories":[50,2,103],"tags":[],"class_list":["post-36308","post","type-post","status-publish","format-standard","has-post-thumbnail","hentry","category-destacadas","category-locales","category-policiales-locales"],"aioseo_notices":[],"gutentor_comment":0,"jetpack_featured_media_url":"https:\/\/eldiariodesanpedro.com.ar\/sitio\/wp-content\/uploads\/2018\/07\/PAGINA-3-DOS.jpeg","jetpack_shortlink":"https:\/\/wp.me\/p6RhLt-9rC","jetpack_sharing_enabled":true,"_links":{"self":[{"href":"https:\/\/eldiariodesanpedro.com.ar\/sitio\/wp-json\/wp\/v2\/posts\/36308","targetHints":{"allow":["GET"]}}],"collection":[{"href":"https:\/\/eldiariodesanpedro.com.ar\/sitio\/wp-json\/wp\/v2\/posts"}],"about":[{"href":"https:\/\/eldiariodesanpedro.com.ar\/sitio\/wp-json\/wp\/v2\/types\/post"}],"author":[{"embeddable":true,"href":"https:\/\/eldiariodesanpedro.com.ar\/sitio\/wp-json\/wp\/v2\/users\/4"}],"replies":[{"embeddable":true,"href":"https:\/\/eldiariodesanpedro.com.ar\/sitio\/wp-json\/wp\/v2\/comments?post=36308"}],"version-history":[{"count":1,"href":"https:\/\/eldiariodesanpedro.com.ar\/sitio\/wp-json\/wp\/v2\/posts\/36308\/revisions"}],"predecessor-version":[{"id":36312,"href":"https:\/\/eldiariodesanpedro.com.ar\/sitio\/wp-json\/wp\/v2\/posts\/36308\/revisions\/36312"}],"wp:featuredmedia":[{"embeddable":true,"href":"https:\/\/eldiariodesanpedro.com.ar\/sitio\/wp-json\/wp\/v2\/media\/36310"}],"wp:attachment":[{"href":"https:\/\/eldiariodesanpedro.com.ar\/sitio\/wp-json\/wp\/v2\/media?parent=36308"}],"wp:term":[{"taxonomy":"category","embeddable":true,"href":"https:\/\/eldiariodesanpedro.com.ar\/sitio\/wp-json\/wp\/v2\/categories?post=36308"},{"taxonomy":"post_tag","embeddable":true,"href":"https:\/\/eldiariodesanpedro.com.ar\/sitio\/wp-json\/wp\/v2\/tags?post=36308"}],"curies":[{"name":"wp","href":"https:\/\/api.w.org\/{rel}","templated":true}]}}