{"id":36302,"date":"2018-07-11T21:29:39","date_gmt":"2018-07-12T00:29:39","guid":{"rendered":"https:\/\/eldiariodesanpedro.com.ar\/sitio\/?p=36302"},"modified":"2018-07-11T21:29:39","modified_gmt":"2018-07-12T00:29:39","slug":"banco-provincia-vuelve-con-el-50-de-descuento-para-compras-en-supermercados","status":"publish","type":"post","link":"https:\/\/eldiariodesanpedro.com.ar\/sitio\/banco-provincia-vuelve-con-el-50-de-descuento-para-compras-en-supermercados\/","title":{"rendered":"Banco Provincia vuelve con el 50% de descuento para compras en supermercados"},"content":{"rendered":"<p><!-- VideographyWP Plugin Message: Automatic video embedding prevented by plugin options. --><br \/>\nLa medida tendr\u00e1 un tope de $1500 por mes y se podr\u00e1 usar en los locales de Coto, Jumbo, Disco y Plaza Vea.<\/p>\n<p>  A partir del 18 de julio regresar\u00e1 el 50% de reintegro para las compras en supermercados a los clientes del Banco Provincia (Bapro). La medida, que anunci\u00f3 la gobernadora Mar\u00eda Eugenia Vidal es la \u00faltima que se implementa desde la provincia de Buenos Aires para sostener el consumo y evitar una merma en la capacidad de compra de los bonaerenses.<\/p>\n<p>  \u00abEn esta nueva etapa nos vamos a concentrar en alimentos, bebidas sin alcohol y art\u00edculos de limpieza, con la particularidad adicional que estar\u00e1n incluidos tambi\u00e9n los productos del programa Precios Cuidados de esas categor\u00edas\u00bb, explic\u00f3 Juan Curutchet, presidente del Banco Provincia.<\/p>\n<p>  El reintegro tendr\u00e1 un tope de $1500 mensuales (no fue actualizado con respecto al a\u00f1o pasado, cuando se inaugur\u00f3 esta modalidad de descuentos) y podr\u00e1 ser usado el tercer y cuarto mi\u00e9rcoles de cada mes. Ser\u00e1 v\u00e1lido para el pago con tarjetas Visa D\u00e9bito, Visa Cr\u00e9dito y Mastercard Cr\u00e9dito del Bapro en los locales de Coto y los de la cadena Cencosud, como Jumbo, Disco y Plaza Vea.<\/p>\n<p>  En el caso de los clientes que paguen con d\u00e9bito, el reintegro ser\u00e1 acreditado en la cuenta del cliente 10 d\u00edas h\u00e1biles luego de que se efectuar\u00e1 la compra. Mientras tanto, los que paguen con tarjeta de cr\u00e9dito ver\u00e1n el monto reintegrado dentro de los pr\u00f3ximos dos res\u00famenes.<\/p>\n<p><strong>  La lista completa de los productos con descuento incluye:<\/strong><\/p>\n<p>\u2013 Alimentos en general (incluyendo los alimentos frescos).<br \/>\n\u2013 Frutas y verduras.<br \/>\n\u2013 Cortes seleccionados de carne vacuna (tapa de asado, paleta y roast beef).<br \/>\n\u2013 Todos los cortes de cerdo.<br \/>\n\u2013 Bebidas sin alcohol.<br \/>\n\u2013 Productos de limpieza.<br \/>\n\u2013 Productos de \u00abPrecios Cuidados\u00bb de todas las categor\u00edas previstas en la promoci\u00f3n.<\/p>\n<p>Fuente: Infobae<\/p>\n","protected":false},"excerpt":{"rendered":"<p>La medida tendr\u00e1 un tope de $1500 por mes y se podr\u00e1 usar en los locales de Coto, Jumbo, Disco y Plaza Vea. A partir del 18 de julio regresar\u00e1 el 50% de reintegro para las compras en supermercados a los clientes del Banco Provincia (Bapro). La medida, que anunci\u00f3 la gobernadora Mar\u00eda Eugenia Vidal [&hellip;]<\/p>\n","protected":false},"author":4,"featured_media":36303,"comment_status":"open","ping_status":"closed","sticky":false,"template":"","format":"standard","meta":{"om_disable_all_campaigns":false,"_jetpack_memberships_contains_paid_content":false,"footnotes":""},"categories":[101,2],"tags":[],"class_list":["post-36302","post","type-post","status-publish","format-standard","has-post-thumbnail","hentry","category-interes-general-locales","category-locales"],"aioseo_notices":[],"gutentor_comment":0,"jetpack_featured_media_url":"https:\/\/eldiariodesanpedro.com.ar\/sitio\/wp-content\/uploads\/2018\/07\/Descuentos-para-fomentar-el-consumo.jpeg","jetpack_shortlink":"https:\/\/wp.me\/p6RhLt-9rw","jetpack_sharing_enabled":true,"_links":{"self":[{"href":"https:\/\/eldiariodesanpedro.com.ar\/sitio\/wp-json\/wp\/v2\/posts\/36302","targetHints":{"allow":["GET"]}}],"collection":[{"href":"https:\/\/eldiariodesanpedro.com.ar\/sitio\/wp-json\/wp\/v2\/posts"}],"about":[{"href":"https:\/\/eldiariodesanpedro.com.ar\/sitio\/wp-json\/wp\/v2\/types\/post"}],"author":[{"embeddable":true,"href":"https:\/\/eldiariodesanpedro.com.ar\/sitio\/wp-json\/wp\/v2\/users\/4"}],"replies":[{"embeddable":true,"href":"https:\/\/eldiariodesanpedro.com.ar\/sitio\/wp-json\/wp\/v2\/comments?post=36302"}],"version-history":[{"count":1,"href":"https:\/\/eldiariodesanpedro.com.ar\/sitio\/wp-json\/wp\/v2\/posts\/36302\/revisions"}],"predecessor-version":[{"id":36304,"href":"https:\/\/eldiariodesanpedro.com.ar\/sitio\/wp-json\/wp\/v2\/posts\/36302\/revisions\/36304"}],"wp:featuredmedia":[{"embeddable":true,"href":"https:\/\/eldiariodesanpedro.com.ar\/sitio\/wp-json\/wp\/v2\/media\/36303"}],"wp:attachment":[{"href":"https:\/\/eldiariodesanpedro.com.ar\/sitio\/wp-json\/wp\/v2\/media?parent=36302"}],"wp:term":[{"taxonomy":"category","embeddable":true,"href":"https:\/\/eldiariodesanpedro.com.ar\/sitio\/wp-json\/wp\/v2\/categories?post=36302"},{"taxonomy":"post_tag","embeddable":true,"href":"https:\/\/eldiariodesanpedro.com.ar\/sitio\/wp-json\/wp\/v2\/tags?post=36302"}],"curies":[{"name":"wp","href":"https:\/\/api.w.org\/{rel}","templated":true}]}}