{"id":36295,"date":"2018-07-11T20:45:56","date_gmt":"2018-07-11T23:45:56","guid":{"rendered":"https:\/\/eldiariodesanpedro.com.ar\/sitio\/?p=36295"},"modified":"2018-07-12T09:02:46","modified_gmt":"2018-07-12T12:02:46","slug":"baradero-el-g-a-d-sera-parte-del-bailando-por-un-sueno-2018-con-marcelo-tinelli","status":"publish","type":"post","link":"https:\/\/eldiariodesanpedro.com.ar\/sitio\/baradero-el-g-a-d-sera-parte-del-bailando-por-un-sueno-2018-con-marcelo-tinelli\/","title":{"rendered":"BARADERO: El G.A.D ser\u00e1 parte del \u201cBailando Por Un Sue\u00f1o 2018\u201d con Marcelo Tinelli"},"content":{"rendered":"<p><!-- VideographyWP Plugin Message: Automatic video embedding prevented by plugin options. --><br \/>\nLa linda noticia se confirm\u00f3 en la jornada de ayer cuando la producci\u00f3n del programa  que conduce Marcelo Tinelli se comunic\u00f3 con la presidenta de la Instituci\u00f3n, Sabina Solari, y le confirm\u00f3 que el Grupo Amigo del Discapacitado ser\u00e1 uno de los sue\u00f1os  del \u201cBailando 2018\u201d por el que un famoso luchar\u00e1 en la pista de baile m\u00e1s famosa del pa\u00eds para intentar cumplirlo a fin de a\u00f1o.<\/p>\n<p>La noticia fue recibida con algarab\u00eda por los integrantes del GAD y por la comunidad, ya que es la primera vez que Baradero, a trav\u00e9s de una entidad llega a tener representaci\u00f3n en el programa m\u00e1s exitoso de la televisi\u00f3n argentina, lo que adem\u00e1s le dar\u00e1 una visualizaci\u00f3n a nivel Nacional.<\/p>\n<p>La presidente del G.A.D (Grupo Amigo del Discapacitado), Sabina Solari, estuvo presente en los estudios de LS2 FM Baradero 96.9 y se refiri\u00f3 a las sensaciones que surgieron en el equipo luego de que la producci\u00f3n les confirmara que el sue\u00f1o del G.A.D ser\u00e1 uno de los que estar\u00e1n presente en el programa de televisi\u00f3n m\u00e1s exitoso de la Argentina en \u00e9ste 2018. Orgullo, emoci\u00f3n, reconocimiento, fueron algunos de los sentimientos narrados por Sabina.<\/p>\n<p> \u201cEstamos felices felices, la verdad  que estamos s\u00faper orgullosos, sobre todo porque fue iniciativa de los chicos, de los voluntarios, en alguna otra oportunidad lo hemos hablado de que ya los m\u00e1s grandes los que hacemos es acompa\u00f1ar \u00e9ste proceso para que ellos agarren la batuta, y surge de ellos y empezaron, unificaron ellos cu\u00e1l ser\u00eda el sue\u00f1o, as\u00ed hicieron y empezaron a mandar hasta que hace siete u ocho d\u00edas nos llamaron de la productora, no lo pod\u00edamos creer, y nos pidieron un poco m\u00e1s d e informaci\u00f3n, de videos, de im\u00e1genes, de lo que hac\u00edamos, despu\u00e9s nos vuelven a llamar y nos piden la documentaci\u00f3n legal de la documentaci\u00f3n\u201d.<\/p>\n<p>\u201cAyer nos confirman que hab\u00eda quedado seleccionado el Grupo Amigo del Discapacitado para ser uno de los sue\u00f1os del 2018, y felices porque cuando los chicos se proponen algo, lo logran\u201d.<\/p>\n<p>\u201cCuando me lo confirmaron me qued\u00e9 freezada, muda, no lo pod\u00eda creer\u201d.<\/p>\n<p>\u201cLo que se solicita como sue\u00f1o es la refacci\u00f3n de la sede que tenemos y el acondicionamiento para poder desarrollar todas las actividades que tiene la Instituci\u00f3n, ya sea capacitaciones, talleres y los preparativos de las olimpiadas\u201d.<\/p>\n<p>\u201cHoy ha crecido tanta la instituci\u00f3n que no podemos desarrollar esas actividades en paralelo\u201d.<\/p>\n<p> \u201cNo hemos a\u00fan podido realizar el ba\u00f1o adaptado por ejemplo\u201d.<\/p>\n<p> \u201cNunca llegamos a tener el monto de dinero para reacondicionar\u201d.<\/p>\n<p> \u201cLo que nos robaron en la sede dos veces, aun no lo hemos podido recuperar\u201d.<\/p>\n<p> \u201cLo que plasmaron en el formulario los chicos es sentar mucho m\u00e1s firme las bases de la instituci\u00f3n para poder seguir trabajando\u201d.<\/p>\n<p> \u201cYa el hecho de que se conozca lo que se hace, es todo, porque sabemos que no solamente depende de nosotros, son muchos factores\u201d.<\/p>\n<p> \u201cAhora estamos esperando que nos confirmen la fecha, que seguramente ser\u00e1 en las vacaciones de invierno, para filmar las im\u00e1genes del sue\u00f1o\u201d.<\/p>\n<p> \u201cEn principio nos vamos a juntar el s\u00e1bado en la sede para contar m\u00e1s detalles y le pedimos a la comunidad de Baradero que nos acompa\u00f1e cuando vengan a filmar\u201d.<\/p>\n<p>Fuente: Baradero Hoy<\/p>\n","protected":false},"excerpt":{"rendered":"<p>La linda noticia se confirm\u00f3 en la jornada de ayer cuando la producci\u00f3n del programa que conduce Marcelo Tinelli se comunic\u00f3 con la presidenta de la Instituci\u00f3n, Sabina Solari, y le confirm\u00f3 que el Grupo Amigo del Discapacitado ser\u00e1 uno de los sue\u00f1os del \u201cBailando 2018\u201d por el que un famoso luchar\u00e1 en la pista [&hellip;]<\/p>\n","protected":false},"author":4,"featured_media":36296,"comment_status":"open","ping_status":"closed","sticky":false,"template":"","format":"standard","meta":{"om_disable_all_campaigns":false,"_jetpack_memberships_contains_paid_content":false,"footnotes":""},"categories":[621],"tags":[],"class_list":["post-36295","post","type-post","status-publish","format-standard","has-post-thumbnail","hentry","category-regionales"],"aioseo_notices":[],"gutentor_comment":0,"jetpack_featured_media_url":"https:\/\/eldiariodesanpedro.com.ar\/sitio\/wp-content\/uploads\/2018\/07\/Bailando-2018-1-1-baradero.jpg","jetpack_shortlink":"https:\/\/wp.me\/p6RhLt-9rp","jetpack_sharing_enabled":true,"_links":{"self":[{"href":"https:\/\/eldiariodesanpedro.com.ar\/sitio\/wp-json\/wp\/v2\/posts\/36295","targetHints":{"allow":["GET"]}}],"collection":[{"href":"https:\/\/eldiariodesanpedro.com.ar\/sitio\/wp-json\/wp\/v2\/posts"}],"about":[{"href":"https:\/\/eldiariodesanpedro.com.ar\/sitio\/wp-json\/wp\/v2\/types\/post"}],"author":[{"embeddable":true,"href":"https:\/\/eldiariodesanpedro.com.ar\/sitio\/wp-json\/wp\/v2\/users\/4"}],"replies":[{"embeddable":true,"href":"https:\/\/eldiariodesanpedro.com.ar\/sitio\/wp-json\/wp\/v2\/comments?post=36295"}],"version-history":[{"count":3,"href":"https:\/\/eldiariodesanpedro.com.ar\/sitio\/wp-json\/wp\/v2\/posts\/36295\/revisions"}],"predecessor-version":[{"id":36324,"href":"https:\/\/eldiariodesanpedro.com.ar\/sitio\/wp-json\/wp\/v2\/posts\/36295\/revisions\/36324"}],"wp:featuredmedia":[{"embeddable":true,"href":"https:\/\/eldiariodesanpedro.com.ar\/sitio\/wp-json\/wp\/v2\/media\/36296"}],"wp:attachment":[{"href":"https:\/\/eldiariodesanpedro.com.ar\/sitio\/wp-json\/wp\/v2\/media?parent=36295"}],"wp:term":[{"taxonomy":"category","embeddable":true,"href":"https:\/\/eldiariodesanpedro.com.ar\/sitio\/wp-json\/wp\/v2\/categories?post=36295"},{"taxonomy":"post_tag","embeddable":true,"href":"https:\/\/eldiariodesanpedro.com.ar\/sitio\/wp-json\/wp\/v2\/tags?post=36295"}],"curies":[{"name":"wp","href":"https:\/\/api.w.org\/{rel}","templated":true}]}}