{"id":36291,"date":"2018-07-11T20:36:55","date_gmt":"2018-07-11T23:36:55","guid":{"rendered":"https:\/\/eldiariodesanpedro.com.ar\/sitio\/?p=36291"},"modified":"2018-07-11T20:36:55","modified_gmt":"2018-07-11T23:36:55","slug":"baradero-avanza-la-obra-de-la-sala-de-monitoreo-de-baradero","status":"publish","type":"post","link":"https:\/\/eldiariodesanpedro.com.ar\/sitio\/baradero-avanza-la-obra-de-la-sala-de-monitoreo-de-baradero\/","title":{"rendered":"BARADERO: Avanza la obra de la sala de monitoreo de Baradero"},"content":{"rendered":"<p><!-- VideographyWP Plugin Message: Automatic video embedding prevented by plugin options. --><br \/>\nLa obra sala de monitoreo, donde adem\u00e1s funcionar\u00e1 la oficina de licencia de conducir, sigue su curso debido a que en las \u00faltimas semanas se trabaj\u00f3 intensamente en las divisiones de oficinas, estanter\u00edas, mostrador para atenci\u00f3n al p\u00fablico y pintura.<\/p>\n<p>La obra resulta de gran importancia ya que ampl\u00eda notablemente la superficie de la Sala de Monitoreo actual con la finalidad de proteger el espacio p\u00fablico, fortalecer la prevenci\u00f3n del delito y la asistencia a los ciudadanos ante cualquier suceso o emergencia.<\/p>\n<p>Fuente: Baradero Te Informa<\/p>\n","protected":false},"excerpt":{"rendered":"<p>La obra sala de monitoreo, donde adem\u00e1s funcionar\u00e1 la oficina de licencia de conducir, sigue su curso debido a que en las \u00faltimas semanas se trabaj\u00f3 intensamente en las divisiones de oficinas, estanter\u00edas, mostrador para atenci\u00f3n al p\u00fablico y pintura. La obra resulta de gran importancia ya que ampl\u00eda notablemente la superficie de la Sala [&hellip;]<\/p>\n","protected":false},"author":4,"featured_media":36293,"comment_status":"open","ping_status":"closed","sticky":false,"template":"","format":"standard","meta":{"om_disable_all_campaigns":false,"_jetpack_memberships_contains_paid_content":false,"footnotes":""},"categories":[621],"tags":[],"class_list":["post-36291","post","type-post","status-publish","format-standard","has-post-thumbnail","hentry","category-regionales"],"aioseo_notices":[],"gutentor_comment":0,"jetpack_featured_media_url":"https:\/\/eldiariodesanpedro.com.ar\/sitio\/wp-content\/uploads\/2018\/07\/obra-sala-monitoreo-baradero.jpg","jetpack_shortlink":"https:\/\/wp.me\/p6RhLt-9rl","jetpack_sharing_enabled":true,"_links":{"self":[{"href":"https:\/\/eldiariodesanpedro.com.ar\/sitio\/wp-json\/wp\/v2\/posts\/36291","targetHints":{"allow":["GET"]}}],"collection":[{"href":"https:\/\/eldiariodesanpedro.com.ar\/sitio\/wp-json\/wp\/v2\/posts"}],"about":[{"href":"https:\/\/eldiariodesanpedro.com.ar\/sitio\/wp-json\/wp\/v2\/types\/post"}],"author":[{"embeddable":true,"href":"https:\/\/eldiariodesanpedro.com.ar\/sitio\/wp-json\/wp\/v2\/users\/4"}],"replies":[{"embeddable":true,"href":"https:\/\/eldiariodesanpedro.com.ar\/sitio\/wp-json\/wp\/v2\/comments?post=36291"}],"version-history":[{"count":1,"href":"https:\/\/eldiariodesanpedro.com.ar\/sitio\/wp-json\/wp\/v2\/posts\/36291\/revisions"}],"predecessor-version":[{"id":36294,"href":"https:\/\/eldiariodesanpedro.com.ar\/sitio\/wp-json\/wp\/v2\/posts\/36291\/revisions\/36294"}],"wp:featuredmedia":[{"embeddable":true,"href":"https:\/\/eldiariodesanpedro.com.ar\/sitio\/wp-json\/wp\/v2\/media\/36293"}],"wp:attachment":[{"href":"https:\/\/eldiariodesanpedro.com.ar\/sitio\/wp-json\/wp\/v2\/media?parent=36291"}],"wp:term":[{"taxonomy":"category","embeddable":true,"href":"https:\/\/eldiariodesanpedro.com.ar\/sitio\/wp-json\/wp\/v2\/categories?post=36291"},{"taxonomy":"post_tag","embeddable":true,"href":"https:\/\/eldiariodesanpedro.com.ar\/sitio\/wp-json\/wp\/v2\/tags?post=36291"}],"curies":[{"name":"wp","href":"https:\/\/api.w.org\/{rel}","templated":true}]}}