{"id":36271,"date":"2018-07-11T20:32:55","date_gmt":"2018-07-11T23:32:55","guid":{"rendered":"https:\/\/eldiariodesanpedro.com.ar\/sitio\/?p=36271"},"modified":"2018-07-11T20:32:55","modified_gmt":"2018-07-11T23:32:55","slug":"baradero-ate-se-reunio-con-el-ejecutivo-local-y-puso-el-lunes-como-fecha-limite","status":"publish","type":"post","link":"https:\/\/eldiariodesanpedro.com.ar\/sitio\/baradero-ate-se-reunio-con-el-ejecutivo-local-y-puso-el-lunes-como-fecha-limite\/","title":{"rendered":"BARADERO: ATE se reuni\u00f3 con el Ejecutivo local y puso el lunes como fecha l\u00edmite"},"content":{"rendered":"<p><!-- VideographyWP Plugin Message: Automatic video embedding prevented by plugin options. --><br \/>\nFue este martes. En la reuni\u00f3n estaba presente la intendenta Fernanda Antonijevic. Miguel Mosi, Secretario General de ATE, cont\u00f3 en Tu Radio los detalles de dicho encuentro y la postura del gremio ante el mismo. El lunes decidir\u00e1n si se retoman las asambleas, e incluso los paros. Por otro lado, brind\u00f3 detalles del Acto \u2013 Asamblea desarrollado ayer por la tarde frente a la municipalidad.<\/p>\n<p>\u201cDiscutimos todo lo que se pudo llegar a discutir\u201d afirm\u00f3 Mosi. Qui\u00e9n especific\u00f3 que dialogaron respecto de c\u00f3mo se deber\u00edan abonar las jornadas laborales. \u201cDesde diciembre de 2015 no se ha pasado m\u00e1s  personal a planta permanente, queremos que se regularice esa situaci\u00f3n, no se est\u00e1n dando m\u00e1s categor\u00edas, no se est\u00e1n dando nombramientos\u201dfueron algunos de los puntos que el referente explic\u00f3 que discutieron. Incluso respecto de los nombramientos, destac\u00f3 \u201clos ponen a dedo\u201d.<\/p>\n<p>Sobre este punto, Mosi aclar\u00f3 \u201cnosotros no discutimos la cartera pol\u00edtica de la se\u00f1ora intendenta, si ella tiene que poner un secretario o sacar un secretario eso es de su plantel pol\u00edtico. Lo que si ponemos en discusi\u00f3n son los cargos de carrera laboral, las jefaturas\u201d. De hecho, especific\u00f3 \u201cnosotros tenemos que, mediante concursos, elegir el mejor exponente de los trabajadores para cubrir cargos de relevancia\u201d. Adem\u00e1s, especific\u00f3 cu\u00e1l es la postura de Antonijevic ante los pedidos de ATE:<\/p>\n<p>\u201cHasta el momento se mantiene con lo firmado con el otro gremio. Ella dice que firm\u00f3 con el gremio mayoritaria. Pero hay una gran cantidad de compa\u00f1eros y compa\u00f1eras, gente de nuestro gremio y nuestro gremio, que no firm\u00f3 ese acuerdo. Consideramos que no era lo que ten\u00eda que ser. Vimos muchas irregularidades en ese acuerdo. No se tiene en consideraci\u00f3n todo lo que venimos charlando ahora, ni la planta permanente, ni las categor\u00edas;  y perjudic\u00f3 al bolsillo de los jubilados\u201d<\/p>\n<p> \u201cNunca pas\u00f3 esto\u201d, dijo Mosi respecto del tiempo prolongado para que el aumento se traslade al b\u00e1sico. Ya que deber\u00e1n esperar de abril a diciembre para que eso suceda. Algo que el Secretario General de ATE afirma que podr\u00eda generar que el Ministerio de Trabajo no homologue el acuerdo.<\/p>\n<p>Respecto de la situaci\u00f3n actual de los trabajadores de ATE, Mosi afirm\u00f3 que van a permanecer en la plaza con la carpa. Pero remarc\u00f3 que si el lunes no obtienen respuestas \u201cestamos nuevamente en conflicto y vamos a entrar nuevamente en Asambleas y posibles paros\u201d.<\/p>\n<p>Por otro lado, este martes por la tarde, desde el gremio desarrollaron un Acto \u2013 Asamblea frente al Palacio Municipal. Adem\u00e1s, en el mismo hab\u00eda jubilados e integrantes del Movimiento Evita. Para su realizaci\u00f3n se cort\u00f3 el tr\u00e1nsito varios minutos en el lugar. Miguel Mosi, al contar sobre esta actividad p\u00fablica, afirm\u00f3 que la situaci\u00f3n de los trabajadores \u201cest\u00e1 empeorando\u201d.<\/p>\n<p>Fuente: Tu Linea Directa<\/p>\n","protected":false},"excerpt":{"rendered":"<p>Fue este martes. En la reuni\u00f3n estaba presente la intendenta Fernanda Antonijevic. Miguel Mosi, Secretario General de ATE, cont\u00f3 en Tu Radio los detalles de dicho encuentro y la postura del gremio ante el mismo. El lunes decidir\u00e1n si se retoman las asambleas, e incluso los paros. Por otro lado, brind\u00f3 detalles del Acto \u2013 [&hellip;]<\/p>\n","protected":false},"author":4,"featured_media":36277,"comment_status":"open","ping_status":"closed","sticky":false,"template":"","format":"standard","meta":{"om_disable_all_campaigns":false,"_jetpack_memberships_contains_paid_content":false,"footnotes":""},"categories":[621],"tags":[],"class_list":["post-36271","post","type-post","status-publish","format-standard","has-post-thumbnail","hentry","category-regionales"],"aioseo_notices":[],"gutentor_comment":0,"jetpack_featured_media_url":"https:\/\/eldiariodesanpedro.com.ar\/sitio\/wp-content\/uploads\/2018\/07\/1ate-681x383.jpg","jetpack_shortlink":"https:\/\/wp.me\/p6RhLt-9r1","jetpack_sharing_enabled":true,"_links":{"self":[{"href":"https:\/\/eldiariodesanpedro.com.ar\/sitio\/wp-json\/wp\/v2\/posts\/36271","targetHints":{"allow":["GET"]}}],"collection":[{"href":"https:\/\/eldiariodesanpedro.com.ar\/sitio\/wp-json\/wp\/v2\/posts"}],"about":[{"href":"https:\/\/eldiariodesanpedro.com.ar\/sitio\/wp-json\/wp\/v2\/types\/post"}],"author":[{"embeddable":true,"href":"https:\/\/eldiariodesanpedro.com.ar\/sitio\/wp-json\/wp\/v2\/users\/4"}],"replies":[{"embeddable":true,"href":"https:\/\/eldiariodesanpedro.com.ar\/sitio\/wp-json\/wp\/v2\/comments?post=36271"}],"version-history":[{"count":1,"href":"https:\/\/eldiariodesanpedro.com.ar\/sitio\/wp-json\/wp\/v2\/posts\/36271\/revisions"}],"predecessor-version":[{"id":36283,"href":"https:\/\/eldiariodesanpedro.com.ar\/sitio\/wp-json\/wp\/v2\/posts\/36271\/revisions\/36283"}],"wp:featuredmedia":[{"embeddable":true,"href":"https:\/\/eldiariodesanpedro.com.ar\/sitio\/wp-json\/wp\/v2\/media\/36277"}],"wp:attachment":[{"href":"https:\/\/eldiariodesanpedro.com.ar\/sitio\/wp-json\/wp\/v2\/media?parent=36271"}],"wp:term":[{"taxonomy":"category","embeddable":true,"href":"https:\/\/eldiariodesanpedro.com.ar\/sitio\/wp-json\/wp\/v2\/categories?post=36271"},{"taxonomy":"post_tag","embeddable":true,"href":"https:\/\/eldiariodesanpedro.com.ar\/sitio\/wp-json\/wp\/v2\/tags?post=36271"}],"curies":[{"name":"wp","href":"https:\/\/api.w.org\/{rel}","templated":true}]}}