{"id":36268,"date":"2018-07-11T20:29:19","date_gmt":"2018-07-11T23:29:19","guid":{"rendered":"https:\/\/eldiariodesanpedro.com.ar\/sitio\/?p=36268"},"modified":"2018-07-11T20:29:19","modified_gmt":"2018-07-11T23:29:19","slug":"campana-acusado-de-matar-a-un-jubilado-a-ladrillazos-fue-detenido-por-la-policia","status":"publish","type":"post","link":"https:\/\/eldiariodesanpedro.com.ar\/sitio\/campana-acusado-de-matar-a-un-jubilado-a-ladrillazos-fue-detenido-por-la-policia\/","title":{"rendered":"CAMPANA: Acusado de matar a un jubilado a ladrillazos fue detenido por la Polic\u00eda"},"content":{"rendered":"<p><!-- VideographyWP Plugin Message: Automatic video embedding prevented by plugin options. --><br \/>\nEl fatal hecho ocurri\u00f3 en Octubre del a\u00f1o pasado, cuando la v\u00edctima, Emanuel Gonz\u00e1lez Loreto, fue atacado por un sujeto en la puerta de su casa, en barrio San Felipe. Personal de Comisar\u00eda logr\u00f3 capturar al menor sindicado como autor material de la agresi\u00f3n, cuando intentaba escapar a bordo de una moto.<\/p>\n<p>La ma\u00f1ana del 15 de Octubre de 2017, Emanuel Gonz\u00e1lez Loreto, de 83 a\u00f1os, fue asesinado en la puerta de su vivienda sita en calle Dorrego 1263, del barrio San Felipe, tras ser atacado por un sujeto que termino con su vida tras golpearlo con una madera y arrojarle varios ladrillos en la cabeza.<\/p>\n<p>En su momento, testigos hab\u00edan se\u00f1alado al presunto autor material del hecho como un joven de 16 a\u00f1os, con domicilio en el barrio San Cayetano. All\u00ed, el personal policial realiz\u00f3 varios allanamientos sin encontrar pruebas que validen la agresi\u00f3n.<\/p>\n<p>Sin embargo, la investigaci\u00f3n continu\u00f3. Producto de las averiguaciones realizadas por personal de Comisar\u00eda Primera, se pudo establecer mediantes testimonios y tareas encubiertas que el mismo podr\u00eda hallarse en una vivienda sita en la calle Posse y Bernatene del B\u00ba Las Praderas. Entonces, se solicit\u00f3 al Juzgado de Garant\u00edas del joven, a cargo de la Dra. Barbara Halecka, la correspondiente orden de allanamiento y detenci\u00f3n.<\/p>\n<p>Con el \u201cOK\u201d de la Justicia, la Polic\u00eda lleg\u00f3 hasta el lugar para concretar el allanamiento cuando observan la huida de un sujeto por los descampados, a bordo de una motocicleta junto a otro sujeto. Pero la fuga se frustr\u00f3 cuando ambos cayeron del veh\u00edculo en la esquina de Grassi y Cavalli.<\/p>\n<p>Pese a que al momento de ser identificado, el joven aport\u00f3 datos falsos, se logr\u00f3 establecer que se trataba de Uriel Diego Castro, hoy de 17 a\u00f1os, quien fue detenido en orden al delito de homicidio, quedando alojado en la seccional \u00fanica de nuestra Ciudad a la espera de su traslado a un Centro de Minoridad que ser\u00e1 dispuesto por el Juzgado interviniente.<\/p>\n<p>Fuente: Campana Noticias<\/p>\n","protected":false},"excerpt":{"rendered":"<p>El fatal hecho ocurri\u00f3 en Octubre del a\u00f1o pasado, cuando la v\u00edctima, Emanuel Gonz\u00e1lez Loreto, fue atacado por un sujeto en la puerta de su casa, en barrio San Felipe. Personal de Comisar\u00eda logr\u00f3 capturar al menor sindicado como autor material de la agresi\u00f3n, cuando intentaba escapar a bordo de una moto. La ma\u00f1ana del [&hellip;]<\/p>\n","protected":false},"author":4,"featured_media":36269,"comment_status":"open","ping_status":"closed","sticky":false,"template":"","format":"standard","meta":{"om_disable_all_campaigns":false,"_jetpack_memberships_contains_paid_content":false,"footnotes":""},"categories":[621],"tags":[],"class_list":["post-36268","post","type-post","status-publish","format-standard","has-post-thumbnail","hentry","category-regionales"],"aioseo_notices":[],"gutentor_comment":0,"jetpack_featured_media_url":"https:\/\/eldiariodesanpedro.com.ar\/sitio\/wp-content\/uploads\/2018\/07\/campana-acusado-de-matar.jpg","jetpack_shortlink":"https:\/\/wp.me\/p6RhLt-9qY","jetpack_sharing_enabled":true,"_links":{"self":[{"href":"https:\/\/eldiariodesanpedro.com.ar\/sitio\/wp-json\/wp\/v2\/posts\/36268","targetHints":{"allow":["GET"]}}],"collection":[{"href":"https:\/\/eldiariodesanpedro.com.ar\/sitio\/wp-json\/wp\/v2\/posts"}],"about":[{"href":"https:\/\/eldiariodesanpedro.com.ar\/sitio\/wp-json\/wp\/v2\/types\/post"}],"author":[{"embeddable":true,"href":"https:\/\/eldiariodesanpedro.com.ar\/sitio\/wp-json\/wp\/v2\/users\/4"}],"replies":[{"embeddable":true,"href":"https:\/\/eldiariodesanpedro.com.ar\/sitio\/wp-json\/wp\/v2\/comments?post=36268"}],"version-history":[{"count":1,"href":"https:\/\/eldiariodesanpedro.com.ar\/sitio\/wp-json\/wp\/v2\/posts\/36268\/revisions"}],"predecessor-version":[{"id":36270,"href":"https:\/\/eldiariodesanpedro.com.ar\/sitio\/wp-json\/wp\/v2\/posts\/36268\/revisions\/36270"}],"wp:featuredmedia":[{"embeddable":true,"href":"https:\/\/eldiariodesanpedro.com.ar\/sitio\/wp-json\/wp\/v2\/media\/36269"}],"wp:attachment":[{"href":"https:\/\/eldiariodesanpedro.com.ar\/sitio\/wp-json\/wp\/v2\/media?parent=36268"}],"wp:term":[{"taxonomy":"category","embeddable":true,"href":"https:\/\/eldiariodesanpedro.com.ar\/sitio\/wp-json\/wp\/v2\/categories?post=36268"},{"taxonomy":"post_tag","embeddable":true,"href":"https:\/\/eldiariodesanpedro.com.ar\/sitio\/wp-json\/wp\/v2\/tags?post=36268"}],"curies":[{"name":"wp","href":"https:\/\/api.w.org\/{rel}","templated":true}]}}