{"id":36265,"date":"2018-07-11T20:24:52","date_gmt":"2018-07-11T23:24:52","guid":{"rendered":"https:\/\/eldiariodesanpedro.com.ar\/sitio\/?p=36265"},"modified":"2018-07-11T20:24:52","modified_gmt":"2018-07-11T23:24:52","slug":"pergamino-encontraron-una-mujer-mayor-fallecida-en-las-aguas-del-arroyo-pergamino","status":"publish","type":"post","link":"https:\/\/eldiariodesanpedro.com.ar\/sitio\/pergamino-encontraron-una-mujer-mayor-fallecida-en-las-aguas-del-arroyo-pergamino\/","title":{"rendered":"PERGAMINO: Encontraron una mujer mayor fallecida en las aguas del Arroyo Pergamino"},"content":{"rendered":"<p><!-- VideographyWP Plugin Message: Automatic video embedding prevented by plugin options. --><br \/>\nElsa Lambert de 87 a\u00f1os era intensamente buscada luego de que su nieta fuera a visitarla en la tarde del lunes y encontrara una carta donde la Abuela manifestaba su intenci\u00f3n de arrojarse al Arroyo.<\/p>\n<p> A partir de la denuncia de sus familiares se comenz\u00f3 la b\u00fasqueda , que se extendi\u00f3 hasta el martes a la tarde cuando los rescatistas encontraron el cuerpo de la abuela  flotando en el arroyo Pergamino  a unos 200 metros del puente del Bicentenario a la altura de la desembocadura del arroyo chu chu.<\/p>\n<p>Fuente: FM Nueva Latina<\/p>\n","protected":false},"excerpt":{"rendered":"<p>Elsa Lambert de 87 a\u00f1os era intensamente buscada luego de que su nieta fuera a visitarla en la tarde del lunes y encontrara una carta donde la Abuela manifestaba su intenci\u00f3n de arrojarse al Arroyo. A partir de la denuncia de sus familiares se comenz\u00f3 la b\u00fasqueda , que se extendi\u00f3 hasta el martes a [&hellip;]<\/p>\n","protected":false},"author":4,"featured_media":36266,"comment_status":"open","ping_status":"closed","sticky":false,"template":"","format":"standard","meta":{"om_disable_all_campaigns":false,"_jetpack_memberships_contains_paid_content":false,"footnotes":""},"categories":[621],"tags":[],"class_list":["post-36265","post","type-post","status-publish","format-standard","has-post-thumbnail","hentry","category-regionales"],"aioseo_notices":[],"gutentor_comment":0,"jetpack_featured_media_url":"https:\/\/eldiariodesanpedro.com.ar\/sitio\/wp-content\/uploads\/2018\/07\/arroyo-pergamino.jpg","jetpack_shortlink":"https:\/\/wp.me\/p6RhLt-9qV","jetpack_sharing_enabled":true,"_links":{"self":[{"href":"https:\/\/eldiariodesanpedro.com.ar\/sitio\/wp-json\/wp\/v2\/posts\/36265","targetHints":{"allow":["GET"]}}],"collection":[{"href":"https:\/\/eldiariodesanpedro.com.ar\/sitio\/wp-json\/wp\/v2\/posts"}],"about":[{"href":"https:\/\/eldiariodesanpedro.com.ar\/sitio\/wp-json\/wp\/v2\/types\/post"}],"author":[{"embeddable":true,"href":"https:\/\/eldiariodesanpedro.com.ar\/sitio\/wp-json\/wp\/v2\/users\/4"}],"replies":[{"embeddable":true,"href":"https:\/\/eldiariodesanpedro.com.ar\/sitio\/wp-json\/wp\/v2\/comments?post=36265"}],"version-history":[{"count":1,"href":"https:\/\/eldiariodesanpedro.com.ar\/sitio\/wp-json\/wp\/v2\/posts\/36265\/revisions"}],"predecessor-version":[{"id":36267,"href":"https:\/\/eldiariodesanpedro.com.ar\/sitio\/wp-json\/wp\/v2\/posts\/36265\/revisions\/36267"}],"wp:featuredmedia":[{"embeddable":true,"href":"https:\/\/eldiariodesanpedro.com.ar\/sitio\/wp-json\/wp\/v2\/media\/36266"}],"wp:attachment":[{"href":"https:\/\/eldiariodesanpedro.com.ar\/sitio\/wp-json\/wp\/v2\/media?parent=36265"}],"wp:term":[{"taxonomy":"category","embeddable":true,"href":"https:\/\/eldiariodesanpedro.com.ar\/sitio\/wp-json\/wp\/v2\/categories?post=36265"},{"taxonomy":"post_tag","embeddable":true,"href":"https:\/\/eldiariodesanpedro.com.ar\/sitio\/wp-json\/wp\/v2\/tags?post=36265"}],"curies":[{"name":"wp","href":"https:\/\/api.w.org\/{rel}","templated":true}]}}