{"id":36255,"date":"2018-07-11T20:05:02","date_gmt":"2018-07-11T23:05:02","guid":{"rendered":"https:\/\/eldiariodesanpedro.com.ar\/sitio\/?p=36255"},"modified":"2018-07-11T20:05:02","modified_gmt":"2018-07-11T23:05:02","slug":"campana-en-operativos-de-saturacion-detienen-a-14-personas-y-secuestran-tres-motos-y-un-auto","status":"publish","type":"post","link":"https:\/\/eldiariodesanpedro.com.ar\/sitio\/campana-en-operativos-de-saturacion-detienen-a-14-personas-y-secuestran-tres-motos-y-un-auto\/","title":{"rendered":"CAMPANA: En operativos de saturaci\u00f3n, detienen a 14 personas y secuestran tres motos y un auto"},"content":{"rendered":"<p><!-- VideographyWP Plugin Message: Automatic video embedding prevented by plugin options. --><br \/>\nLa Secretar\u00eda de Seguridad del Municipio coordin\u00f3, junto a fuerzas policiales, operativos en distintos puntos de la ciudad, que surgen a partir de los datos arrojados por la app \u00abAlerta Campana\u00bb en base a las zonas de mayor conflicto y a las inquietudes presentadas por los vecinos.<\/p>\n<p>En distintos barrios y espacios p\u00fablicos, la Secretar\u00eda de Seguridad y Prevenci\u00f3n Ciudadana del Municipio contin\u00faa coordinando operativos en prevenci\u00f3n de delitos y faltas en general.<\/p>\n<p>Estos operativos se originan a partir del an\u00e1lisis de los datos arrojados por la aplicaci\u00f3n \u00abAlerta Campana\u00bb en base a las zonas de mayor conflicto y responden a su vez a las inquietudes presentadas por los vecinos en las reuniones que los funcionarios mantienen semanalmente con las distintas sociedades de fomento.<\/p>\n<p>Como consecuencia de ello, con las distintas fuerzas de seguridad nacionales y provinciales, se concretan mega operativos est\u00e1ticos y din\u00e1mico que son en distintos lugares y horarios.<\/p>\n<p>As\u00ed, por ejemplo, d\u00edas atr\u00e1s, personal de la Comisar\u00eda de Campana, Polic\u00eda Local, GAD, Patrulla Vial junto con la Direcci\u00f3n de Tr\u00e1nsito y Transporte realiz\u00f3 un operativo de saturaci\u00f3n en el barrio San Cayetano.<\/p>\n<p>En el lugar, se identificaron 131 personas, 48 veh\u00edculos, 27 motos y un transporte p\u00fablico de pasajeros. Como resultado, se secuestr\u00f3 un autom\u00f3vil y tres motos por infracciones a la ley de tr\u00e1nsito.<\/p>\n<p>Adem\u00e1s, se aprehendi\u00f3 en calle Ibarra y Ruta 6 a una persona mayor de edad por infracci\u00f3n a la ley 23.737. Al momento de su detenci\u00f3n, portaba 5 grs de marihuana.<\/p>\n<p>Tambi\u00e9n, en el mismo barrio, se detuvo a otra persona que se trasladaba en una motocicleta tornado 250 cc que registraba pedido de secuestro por hurto del 20\/04\/2018.<\/p>\n<p>Los operativos continuaron durante el feriado 9 de julio en el barrio Las Acacias donde adem\u00e1s de identificar personas y veh\u00edculos se procedi\u00f3 a la aprehensi\u00f3n de dos personas mayores de edad imputadas por lesiones.<\/p>\n<p>Adem\u00e1s de estos operativos, personal de Prefectura Naval Argentina aprehendi\u00f3 a tres personas por tenencias de estupefacientes.<\/p>\n<p>Las detenciones tuvieron lugar en Vigalondo y De Marco, otro en Paseo Costanera y en Fausto Gavazzi y Pueyrred\u00f3n; en tanto que, el personal policial del Comando de Patrullas -por igual motivo- realiz\u00f3 otra aprehensi\u00f3n en la calle Zaballo -entre Busso y Zavalia-. Finalmente, una mayor y un menor, en Av. 6 de julio y Magaldi.<\/p>\n<p>Tambi\u00e9n, en el transcurso del fin de semana personal de la DDI Zarate Campana, junto con narco criminalidad y otras dependencias policiales, realiz\u00f3 un operativo preventivo contra la venta y consumo de drogas il\u00edcitas en lugares p\u00fablicos.<\/p>\n<p>En el marco de este \u00faltimo operativo, se aprehendi\u00f3 a un masculino en barrio El Destino, dos m\u00e1s en zona c\u00e9ntrica de Campana, un cuarto en barrio Del Pino y uno restante en barrio San Cayetano. Se incaut\u00f3 coca\u00edna y marihuana.<\/p>\n<p>A ra\u00edz de la efectividad de estos operativos, seg\u00fan informaron, continuar\u00e1n realiz\u00e1ndose en d\u00edas y horarios discontinuos y en puntos estrat\u00e9gicos.<\/p>\n<p>\u00abEl prop\u00f3sito es que cada d\u00eda el vecino de Campana viva m\u00e1s tranquilo y no prolifere el consumo en la v\u00eda p\u00fablica de estupefacientes que tanto mal hacen a nuestra juventud en beneficio de unos pocos que comercializan con la muerte\u00bb, se\u00f1alaron desde la Secretar\u00eda de Seguridad.<\/p>\n<p>Fuente: Campana Noticias<\/p>\n","protected":false},"excerpt":{"rendered":"<p>La Secretar\u00eda de Seguridad del Municipio coordin\u00f3, junto a fuerzas policiales, operativos en distintos puntos de la ciudad, que surgen a partir de los datos arrojados por la app \u00abAlerta Campana\u00bb en base a las zonas de mayor conflicto y a las inquietudes presentadas por los vecinos. En distintos barrios y espacios p\u00fablicos, la Secretar\u00eda [&hellip;]<\/p>\n","protected":false},"author":4,"featured_media":36260,"comment_status":"open","ping_status":"closed","sticky":false,"template":"","format":"standard","meta":{"om_disable_all_campaigns":false,"_jetpack_memberships_contains_paid_content":false,"footnotes":""},"categories":[621],"tags":[],"class_list":["post-36255","post","type-post","status-publish","format-standard","has-post-thumbnail","hentry","category-regionales"],"aioseo_notices":[],"gutentor_comment":0,"jetpack_featured_media_url":"https:\/\/eldiariodesanpedro.com.ar\/sitio\/wp-content\/uploads\/2018\/07\/operativo-campana.jpg","jetpack_shortlink":"https:\/\/wp.me\/p6RhLt-9qL","jetpack_sharing_enabled":true,"_links":{"self":[{"href":"https:\/\/eldiariodesanpedro.com.ar\/sitio\/wp-json\/wp\/v2\/posts\/36255","targetHints":{"allow":["GET"]}}],"collection":[{"href":"https:\/\/eldiariodesanpedro.com.ar\/sitio\/wp-json\/wp\/v2\/posts"}],"about":[{"href":"https:\/\/eldiariodesanpedro.com.ar\/sitio\/wp-json\/wp\/v2\/types\/post"}],"author":[{"embeddable":true,"href":"https:\/\/eldiariodesanpedro.com.ar\/sitio\/wp-json\/wp\/v2\/users\/4"}],"replies":[{"embeddable":true,"href":"https:\/\/eldiariodesanpedro.com.ar\/sitio\/wp-json\/wp\/v2\/comments?post=36255"}],"version-history":[{"count":1,"href":"https:\/\/eldiariodesanpedro.com.ar\/sitio\/wp-json\/wp\/v2\/posts\/36255\/revisions"}],"predecessor-version":[{"id":36261,"href":"https:\/\/eldiariodesanpedro.com.ar\/sitio\/wp-json\/wp\/v2\/posts\/36255\/revisions\/36261"}],"wp:featuredmedia":[{"embeddable":true,"href":"https:\/\/eldiariodesanpedro.com.ar\/sitio\/wp-json\/wp\/v2\/media\/36260"}],"wp:attachment":[{"href":"https:\/\/eldiariodesanpedro.com.ar\/sitio\/wp-json\/wp\/v2\/media?parent=36255"}],"wp:term":[{"taxonomy":"category","embeddable":true,"href":"https:\/\/eldiariodesanpedro.com.ar\/sitio\/wp-json\/wp\/v2\/categories?post=36255"},{"taxonomy":"post_tag","embeddable":true,"href":"https:\/\/eldiariodesanpedro.com.ar\/sitio\/wp-json\/wp\/v2\/tags?post=36255"}],"curies":[{"name":"wp","href":"https:\/\/api.w.org\/{rel}","templated":true}]}}