{"id":36251,"date":"2018-07-11T19:59:41","date_gmt":"2018-07-11T22:59:41","guid":{"rendered":"https:\/\/eldiariodesanpedro.com.ar\/sitio\/?p=36251"},"modified":"2026-01-24T00:13:18","modified_gmt":"2026-01-24T03:13:18","slug":"ciclismo-hubo-actividad-en-el-panoramico-el-9-de-julio","status":"publish","type":"post","link":"https:\/\/eldiariodesanpedro.com.ar\/sitio\/ciclismo-hubo-actividad-en-el-panoramico-el-9-de-julio\/","title":{"rendered":"CICLISMO: Hubo actividad en el Panor\u00e1mico el 9 de julio"},"content":{"rendered":"<p><!-- VideographyWP Plugin Message: Automatic video embedding prevented by plugin options. --><br \/>\n  En el d\u00eda de la Independencia se realiz\u00f3 un programa de ciclismo en una tarde fr\u00eda en el Panor\u00e1mico, encuentro de mates y ciclismo, como para no quedar sin actividad el fin de semana largo, los que a continuaci\u00f3n se detallan fueron los resultados registrados.<\/p>\n<p><strong>INFANTILES<\/strong><br \/>\nParticiparon: \u00c1ngel Quintana \u2013 Fantino Giuliani \u2013 Axel L\u00f3pez \u2013 Justin Giuliani \u2013 Juli\u00e1n Toucedo y Bruno Palacios.<\/p>\n<p><em>PE\u00d1A \u2013 M\u00c1STER \u201cD\u201d y DAMAS<\/em><br \/>\n1\u00ba Fabi\u00e1n Boaglio<br \/>\n2\u00ba Marcos Barraza<br \/>\n3\u00ba Juan Maselli<br \/>\n4\u00ba Mauricio Baca<br \/>\n5\u00aa Malena Aliendro (San Andr\u00e9s de Giles)<\/p>\n<p><em>M\u00c1STER \u201cB-2\u201d \u2013 y MASTER \u201cC\u201d<\/em><br \/>\n1\u00ba Rub\u00e9n Mallada (Z\u00e1rate)<br \/>\n2\u00ba Pablo Leone<br \/>\n3\u00ba Oscar Quintero (Rosario)<br \/>\n4\u00ba Jos\u00e9 Luis Pereyra<br \/>\n5\u00ba Gustavo Arp\u00eda<\/p>\n<p><strong>PRUEBA DE FONDO<\/strong><br \/>\n1\u00ba Mariano Manzo<br \/>\n2\u00ba Francisco Chipolini<br \/>\n3\u00ba Agust\u00edn Basualdo<br \/>\n4\u00ba Cristian Basualdo<br \/>\n5\u00ba Leandro Gallina<br \/>\n6\u00ba Cristian Monz\u00f3n<\/p>\n<p>Ganadores sprint especial: Agust\u00edn Basualdo y Cristian Monz\u00f3n.<\/p>\n","protected":false},"excerpt":{"rendered":"<p>En el d\u00eda de la Independencia se realiz\u00f3 un programa de ciclismo en una tarde fr\u00eda en el Panor\u00e1mico, encuentro de mates y ciclismo, como para no quedar sin actividad el fin de semana largo, los que a continuaci\u00f3n se detallan fueron los resultados registrados. INFANTILES Participaron: \u00c1ngel Quintana \u2013 Fantino Giuliani \u2013 Axel L\u00f3pez [&hellip;]<\/p>\n","protected":false},"author":4,"featured_media":36254,"comment_status":"open","ping_status":"closed","sticky":false,"template":"","format":"standard","meta":{"om_disable_all_campaigns":false,"_jetpack_memberships_contains_paid_content":false,"footnotes":""},"categories":[5],"tags":[],"class_list":["post-36251","post","type-post","status-publish","format-standard","has-post-thumbnail","hentry","category-deportes"],"aioseo_notices":[],"gutentor_comment":0,"jetpack_featured_media_url":"https:\/\/eldiariodesanpedro.com.ar\/sitio\/wp-content\/uploads\/2018\/07\/ganadores-de-la-competencia-central.jpg","jetpack_shortlink":"https:\/\/wp.me\/p6RhLt-9qH","jetpack_sharing_enabled":true,"_links":{"self":[{"href":"https:\/\/eldiariodesanpedro.com.ar\/sitio\/wp-json\/wp\/v2\/posts\/36251","targetHints":{"allow":["GET"]}}],"collection":[{"href":"https:\/\/eldiariodesanpedro.com.ar\/sitio\/wp-json\/wp\/v2\/posts"}],"about":[{"href":"https:\/\/eldiariodesanpedro.com.ar\/sitio\/wp-json\/wp\/v2\/types\/post"}],"author":[{"embeddable":true,"href":"https:\/\/eldiariodesanpedro.com.ar\/sitio\/wp-json\/wp\/v2\/users\/4"}],"replies":[{"embeddable":true,"href":"https:\/\/eldiariodesanpedro.com.ar\/sitio\/wp-json\/wp\/v2\/comments?post=36251"}],"version-history":[{"count":1,"href":"https:\/\/eldiariodesanpedro.com.ar\/sitio\/wp-json\/wp\/v2\/posts\/36251\/revisions"}],"predecessor-version":[{"id":36256,"href":"https:\/\/eldiariodesanpedro.com.ar\/sitio\/wp-json\/wp\/v2\/posts\/36251\/revisions\/36256"}],"wp:featuredmedia":[{"embeddable":true,"href":"https:\/\/eldiariodesanpedro.com.ar\/sitio\/wp-json\/wp\/v2\/media\/36254"}],"wp:attachment":[{"href":"https:\/\/eldiariodesanpedro.com.ar\/sitio\/wp-json\/wp\/v2\/media?parent=36251"}],"wp:term":[{"taxonomy":"category","embeddable":true,"href":"https:\/\/eldiariodesanpedro.com.ar\/sitio\/wp-json\/wp\/v2\/categories?post=36251"},{"taxonomy":"post_tag","embeddable":true,"href":"https:\/\/eldiariodesanpedro.com.ar\/sitio\/wp-json\/wp\/v2\/tags?post=36251"}],"curies":[{"name":"wp","href":"https:\/\/api.w.org\/{rel}","templated":true}]}}