{"id":36247,"date":"2018-07-11T19:55:46","date_gmt":"2018-07-11T22:55:46","guid":{"rendered":"https:\/\/eldiariodesanpedro.com.ar\/sitio\/?p=36247"},"modified":"2026-01-24T00:13:18","modified_gmt":"2026-01-24T03:13:18","slug":"automovilismo-fedenor-postergo-las-competencias-de-arrecifes","status":"publish","type":"post","link":"https:\/\/eldiariodesanpedro.com.ar\/sitio\/automovilismo-fedenor-postergo-las-competencias-de-arrecifes\/","title":{"rendered":"AUTOMOVILISMO: Fedenor posterg\u00f3 las competencias de Arrecifes"},"content":{"rendered":"<p><!-- VideographyWP Plugin Message: Automatic video embedding prevented by plugin options. --><br \/>\n  Las categor\u00edas zonales agrupadas en FEDENOR decidieron postergar una semana las competencias previstas en el circuito \u201cEl Costanero\u201d de Arrecifes por la lluvia del viernes y s\u00e1bado en la zona.<\/p>\n<p>  Se realizar\u00e1 el fin de semana pr\u00f3ximo, 14 y 15 de julio con presencia de muchos pilotos de nuestra ciudad, ya que adem\u00e1s de los habituales protagonistas estar\u00e1n los pilotos invitados.   <\/p>\n","protected":false},"excerpt":{"rendered":"<p>Las categor\u00edas zonales agrupadas en FEDENOR decidieron postergar una semana las competencias previstas en el circuito \u201cEl Costanero\u201d de Arrecifes por la lluvia del viernes y s\u00e1bado en la zona. Se realizar\u00e1 el fin de semana pr\u00f3ximo, 14 y 15 de julio con presencia de muchos pilotos de nuestra ciudad, ya que adem\u00e1s de los [&hellip;]<\/p>\n","protected":false},"author":4,"featured_media":22931,"comment_status":"open","ping_status":"closed","sticky":false,"template":"","format":"standard","meta":{"om_disable_all_campaigns":false,"_jetpack_memberships_contains_paid_content":false,"footnotes":""},"categories":[5],"tags":[],"class_list":["post-36247","post","type-post","status-publish","format-standard","has-post-thumbnail","hentry","category-deportes"],"aioseo_notices":[],"gutentor_comment":0,"jetpack_featured_media_url":"https:\/\/eldiariodesanpedro.com.ar\/sitio\/wp-content\/uploads\/2017\/09\/automovilismo-fedenor.jpg","jetpack_shortlink":"https:\/\/wp.me\/p6RhLt-9qD","jetpack_sharing_enabled":true,"_links":{"self":[{"href":"https:\/\/eldiariodesanpedro.com.ar\/sitio\/wp-json\/wp\/v2\/posts\/36247","targetHints":{"allow":["GET"]}}],"collection":[{"href":"https:\/\/eldiariodesanpedro.com.ar\/sitio\/wp-json\/wp\/v2\/posts"}],"about":[{"href":"https:\/\/eldiariodesanpedro.com.ar\/sitio\/wp-json\/wp\/v2\/types\/post"}],"author":[{"embeddable":true,"href":"https:\/\/eldiariodesanpedro.com.ar\/sitio\/wp-json\/wp\/v2\/users\/4"}],"replies":[{"embeddable":true,"href":"https:\/\/eldiariodesanpedro.com.ar\/sitio\/wp-json\/wp\/v2\/comments?post=36247"}],"version-history":[{"count":2,"href":"https:\/\/eldiariodesanpedro.com.ar\/sitio\/wp-json\/wp\/v2\/posts\/36247\/revisions"}],"predecessor-version":[{"id":36250,"href":"https:\/\/eldiariodesanpedro.com.ar\/sitio\/wp-json\/wp\/v2\/posts\/36247\/revisions\/36250"}],"wp:featuredmedia":[{"embeddable":true,"href":"https:\/\/eldiariodesanpedro.com.ar\/sitio\/wp-json\/wp\/v2\/media\/22931"}],"wp:attachment":[{"href":"https:\/\/eldiariodesanpedro.com.ar\/sitio\/wp-json\/wp\/v2\/media?parent=36247"}],"wp:term":[{"taxonomy":"category","embeddable":true,"href":"https:\/\/eldiariodesanpedro.com.ar\/sitio\/wp-json\/wp\/v2\/categories?post=36247"},{"taxonomy":"post_tag","embeddable":true,"href":"https:\/\/eldiariodesanpedro.com.ar\/sitio\/wp-json\/wp\/v2\/tags?post=36247"}],"curies":[{"name":"wp","href":"https:\/\/api.w.org\/{rel}","templated":true}]}}