{"id":36242,"date":"2018-07-11T17:48:08","date_gmt":"2018-07-11T20:48:08","guid":{"rendered":"https:\/\/eldiariodesanpedro.com.ar\/sitio\/?p=36242"},"modified":"2018-07-11T17:48:08","modified_gmt":"2018-07-11T20:48:08","slug":"cronograma-de-actividades-en-los-museos-en-vacaciones-de-invierno","status":"publish","type":"post","link":"https:\/\/eldiariodesanpedro.com.ar\/sitio\/cronograma-de-actividades-en-los-museos-en-vacaciones-de-invierno\/","title":{"rendered":"Cronograma de actividades en los Museos en Vacaciones de Invierno"},"content":{"rendered":"<p><!-- VideographyWP Plugin Message: Automatic video embedding prevented by plugin options. --><br \/>\nLa Direcci\u00f3n de Cultura de la Municipalidad de San Pedro informa que se ha elaborado un calendario de propuestas de actividades en los Museos para las vacaciones de invierno que combina muestras y exposiciones de cuadros, proyecciones de pel\u00edculas, talleres de actividades pl\u00e1sticas, talleres de m\u00fasica, lecturas de cuentos para chicos, entre otras. <\/p>\n<p>De esta manera se busca acercar actividades que ofrezcan opciones para los ni\u00f1os y su familia durante las dos semanas del receso invernal. Para mayor informaci\u00f3n puede contactarse con la Direcci\u00f3n de Cultura al 420-723 o por correo electr\u00f3nico a cultura@sanpedro.gob.ar.<\/p>\n","protected":false},"excerpt":{"rendered":"<p>La Direcci\u00f3n de Cultura de la Municipalidad de San Pedro informa que se ha elaborado un calendario de propuestas de actividades en los Museos para las vacaciones de invierno que combina muestras y exposiciones de cuadros, proyecciones de pel\u00edculas, talleres de actividades pl\u00e1sticas, talleres de m\u00fasica, lecturas de cuentos para chicos, entre otras. De esta [&hellip;]<\/p>\n","protected":false},"author":4,"featured_media":36243,"comment_status":"open","ping_status":"closed","sticky":false,"template":"","format":"standard","meta":{"om_disable_all_campaigns":false,"_jetpack_memberships_contains_paid_content":false,"footnotes":""},"categories":[101,2],"tags":[],"class_list":["post-36242","post","type-post","status-publish","format-standard","has-post-thumbnail","hentry","category-interes-general-locales","category-locales"],"aioseo_notices":[],"gutentor_comment":0,"jetpack_featured_media_url":"https:\/\/eldiariodesanpedro.com.ar\/sitio\/wp-content\/uploads\/2018\/07\/Vacaciones-de-Invierno-en-los-Museos.jpg","jetpack_shortlink":"https:\/\/wp.me\/p6RhLt-9qy","jetpack_sharing_enabled":true,"_links":{"self":[{"href":"https:\/\/eldiariodesanpedro.com.ar\/sitio\/wp-json\/wp\/v2\/posts\/36242","targetHints":{"allow":["GET"]}}],"collection":[{"href":"https:\/\/eldiariodesanpedro.com.ar\/sitio\/wp-json\/wp\/v2\/posts"}],"about":[{"href":"https:\/\/eldiariodesanpedro.com.ar\/sitio\/wp-json\/wp\/v2\/types\/post"}],"author":[{"embeddable":true,"href":"https:\/\/eldiariodesanpedro.com.ar\/sitio\/wp-json\/wp\/v2\/users\/4"}],"replies":[{"embeddable":true,"href":"https:\/\/eldiariodesanpedro.com.ar\/sitio\/wp-json\/wp\/v2\/comments?post=36242"}],"version-history":[{"count":1,"href":"https:\/\/eldiariodesanpedro.com.ar\/sitio\/wp-json\/wp\/v2\/posts\/36242\/revisions"}],"predecessor-version":[{"id":36244,"href":"https:\/\/eldiariodesanpedro.com.ar\/sitio\/wp-json\/wp\/v2\/posts\/36242\/revisions\/36244"}],"wp:featuredmedia":[{"embeddable":true,"href":"https:\/\/eldiariodesanpedro.com.ar\/sitio\/wp-json\/wp\/v2\/media\/36243"}],"wp:attachment":[{"href":"https:\/\/eldiariodesanpedro.com.ar\/sitio\/wp-json\/wp\/v2\/media?parent=36242"}],"wp:term":[{"taxonomy":"category","embeddable":true,"href":"https:\/\/eldiariodesanpedro.com.ar\/sitio\/wp-json\/wp\/v2\/categories?post=36242"},{"taxonomy":"post_tag","embeddable":true,"href":"https:\/\/eldiariodesanpedro.com.ar\/sitio\/wp-json\/wp\/v2\/tags?post=36242"}],"curies":[{"name":"wp","href":"https:\/\/api.w.org\/{rel}","templated":true}]}}