{"id":36239,"date":"2018-07-11T17:32:46","date_gmt":"2018-07-11T20:32:46","guid":{"rendered":"https:\/\/eldiariodesanpedro.com.ar\/sitio\/?p=36239"},"modified":"2018-07-11T17:32:46","modified_gmt":"2018-07-11T20:32:46","slug":"se-conformo-la-camara-de-ingenieros-costa-del-parana-dentro-del-ccit","status":"publish","type":"post","link":"https:\/\/eldiariodesanpedro.com.ar\/sitio\/se-conformo-la-camara-de-ingenieros-costa-del-parana-dentro-del-ccit\/","title":{"rendered":"Se conform\u00f3 la C\u00e1mara de Ingenieros Costa del Paran\u00e1 dentro del CCIT"},"content":{"rendered":"<p><!-- VideographyWP Plugin Message: Automatic video embedding prevented by plugin options. --><br \/>\nEl Centro de Comercio Industria y Turismo de San Pedro informa que ha quedado oficialmente conformada dentro de la entidad la C\u00e1mara de Ingenieros Costa del Paran\u00e1, sum\u00e1ndose de este modo a otros grupos profesionales que trabajar\u00e1n en conjunto para tratar los temas que les son comunes.<\/p>\n<p>La reuni\u00f3n constitutiva tuvo lugar el pasado 2 de Julio y cumpliendo lo dispuesto por el reglamento interno de la entidad para patrocinar C\u00e1maras Gremiales. Se consider\u00f3 la conveniencia de llevar adelante esta iniciativa para generar un \u00e1mbito movilizador de todas las gestiones de los profesionales de la actividad.<\/p>\n<p>La Comisi\u00f3n de la C\u00e1mara de Ingenieros Costa del Paran\u00e1 es presidida por H\u00e9ctor Allegrone acompa\u00f1ado por Ariel Mu\u00f1oz Baltar como vicepresidente, Gregorio Guti\u00e9rrez como secretario, Agust\u00edn Bianchi como Prosecretario y Dante Ambrogi, Agust\u00edn Vaca, Ariel Sprenger, Daniel Muhando, Angelica Alaniz y Eduardo Murphy como vocales. <\/p>\n<p>Las reuniones de la C\u00e1mara ser\u00e1n los lunes a las 20 y se invita a todos los interesados en acercar inquietudes a realizarlo a trav\u00e9s del Centro de Comercio<\/p>\n","protected":false},"excerpt":{"rendered":"<p>El Centro de Comercio Industria y Turismo de San Pedro informa que ha quedado oficialmente conformada dentro de la entidad la C\u00e1mara de Ingenieros Costa del Paran\u00e1, sum\u00e1ndose de este modo a otros grupos profesionales que trabajar\u00e1n en conjunto para tratar los temas que les son comunes. La reuni\u00f3n constitutiva tuvo lugar el pasado 2 [&hellip;]<\/p>\n","protected":false},"author":4,"featured_media":36240,"comment_status":"open","ping_status":"closed","sticky":false,"template":"","format":"standard","meta":{"om_disable_all_campaigns":false,"_jetpack_memberships_contains_paid_content":false,"footnotes":""},"categories":[101,2],"tags":[],"class_list":["post-36239","post","type-post","status-publish","format-standard","has-post-thumbnail","hentry","category-interes-general-locales","category-locales"],"aioseo_notices":[],"gutentor_comment":0,"jetpack_featured_media_url":"https:\/\/eldiariodesanpedro.com.ar\/sitio\/wp-content\/uploads\/2018\/07\/ingeee.jpg","jetpack_shortlink":"https:\/\/wp.me\/p6RhLt-9qv","jetpack_sharing_enabled":true,"_links":{"self":[{"href":"https:\/\/eldiariodesanpedro.com.ar\/sitio\/wp-json\/wp\/v2\/posts\/36239","targetHints":{"allow":["GET"]}}],"collection":[{"href":"https:\/\/eldiariodesanpedro.com.ar\/sitio\/wp-json\/wp\/v2\/posts"}],"about":[{"href":"https:\/\/eldiariodesanpedro.com.ar\/sitio\/wp-json\/wp\/v2\/types\/post"}],"author":[{"embeddable":true,"href":"https:\/\/eldiariodesanpedro.com.ar\/sitio\/wp-json\/wp\/v2\/users\/4"}],"replies":[{"embeddable":true,"href":"https:\/\/eldiariodesanpedro.com.ar\/sitio\/wp-json\/wp\/v2\/comments?post=36239"}],"version-history":[{"count":1,"href":"https:\/\/eldiariodesanpedro.com.ar\/sitio\/wp-json\/wp\/v2\/posts\/36239\/revisions"}],"predecessor-version":[{"id":36241,"href":"https:\/\/eldiariodesanpedro.com.ar\/sitio\/wp-json\/wp\/v2\/posts\/36239\/revisions\/36241"}],"wp:featuredmedia":[{"embeddable":true,"href":"https:\/\/eldiariodesanpedro.com.ar\/sitio\/wp-json\/wp\/v2\/media\/36240"}],"wp:attachment":[{"href":"https:\/\/eldiariodesanpedro.com.ar\/sitio\/wp-json\/wp\/v2\/media?parent=36239"}],"wp:term":[{"taxonomy":"category","embeddable":true,"href":"https:\/\/eldiariodesanpedro.com.ar\/sitio\/wp-json\/wp\/v2\/categories?post=36239"},{"taxonomy":"post_tag","embeddable":true,"href":"https:\/\/eldiariodesanpedro.com.ar\/sitio\/wp-json\/wp\/v2\/tags?post=36239"}],"curies":[{"name":"wp","href":"https:\/\/api.w.org\/{rel}","templated":true}]}}