{"id":36225,"date":"2018-07-11T16:09:47","date_gmt":"2018-07-11T19:09:47","guid":{"rendered":"https:\/\/eldiariodesanpedro.com.ar\/sitio\/?p=36225"},"modified":"2018-07-11T16:11:50","modified_gmt":"2018-07-11T19:11:50","slug":"se-produjeron-incidentes-frente-al-municipio-en-el-reclamo-de-trabajadores-del-basural-y-representantes-del-mts","status":"publish","type":"post","link":"https:\/\/eldiariodesanpedro.com.ar\/sitio\/se-produjeron-incidentes-frente-al-municipio-en-el-reclamo-de-trabajadores-del-basural-y-representantes-del-mts\/","title":{"rendered":"Se produjeron incidentes frente al municipio en el reclamo de trabajadores del Basural y representantes del MTS"},"content":{"rendered":"<p><!-- VideographyWP Plugin Message: Automatic video embedding prevented by plugin options. --><br \/>\nOtra vez se presentaron frente al municipio local los Recuperadores de residuos del Basural de la Tosquera y junto a referentes del MTE provenientes de San Nicol\u00e1s se manifestaron en reclamo al incumplimiento de los compromisos realizados por el gobierno de Cecilio Salazar quienes no cumlpieron con los compromisos asumidos a fines de abril, cuando les prometieron \u00abproveer de manera urgente elementos de protecci\u00f3n como guantes, botas, pecheras, botiqu\u00edn, etc.\u00bb y luego un mes despu\u00e9s los ediles tambi\u00e9n se comprometieron cosas que no llegaron a hacerse realidad lo que motiv\u00f3 a estos trabajadores a volver a movilizarse.<\/p>\n<p>Esta ma\u00f1ana alrededor de las 10 hs se volvieron a presentara los trabajadores del Basural junto con representantes de MTE en las puertas del Palacio Municipal donde en esta oportunidad trajeron ademas de cubiertas para poder iniciar fuego como ya lo hab\u00edan hecho en la segunda ocasi\u00f3n, en esta oportunidad tambi\u00e9n trajeron consigo para realizar una olla popular par los manifestantes quienes tambi\u00e9n acudieron con menores al lugar.<br \/>\nEl reclamo se basa en el reconocimiento de su trabajo y mejoras laborales en las que se destacan un ba\u00f1o qu\u00edmico en el basural y ademas de ropa de trabajo adecuada entre otras necesidades.<\/p>\n<p><iframe style=\"border: none; overflow: hidden;\" data-src=\"https:\/\/www.facebook.com\/plugins\/video.php?href=https%3A%2F%2Fwww.facebook.com%2Feldiario.desanpedro%2Fvideos%2F807287072813767%2F&amp;show_text=0&amp;width=560\" width=\"560\" height=\"315\" frameborder=\"0\" scrolling=\"no\" allowfullscreen=\"allowfullscreen\" src=\"data:image\/svg+xml;base64,PHN2ZyB3aWR0aD0iMSIgaGVpZ2h0PSIxIiB4bWxucz0iaHR0cDovL3d3dy53My5vcmcvMjAwMC9zdmciPjwvc3ZnPg==\" class=\"lazyload\" data-load-mode=\"1\"><\/iframe><\/p>\n<p>Cercanas las 13 hs comenzaron los disturbios cuando los manifestaron intentaron encender las cubiertas que se encontraban a pocos metros de la presencia policial quienes cuidaban el ingreso al palacio municipal, lo uniformados reaccionaron r\u00e1pidamente apagando el incendio dando comienzo a una fuerte discusi\u00f3n entre manifestantes y polic\u00edas en la que luego de agresiones verbales y discusiones que se detuvo moment\u00e1neamente siendo trasladada por el SAME una mujer que se descompuso tra inhalar el polvo del matafuego.<\/p>\n<p><iframe style=\"border: none; overflow: hidden;\" data-src=\"https:\/\/www.facebook.com\/plugins\/video.php?href=https%3A%2F%2Fwww.facebook.com%2Feldiario.desanpedro%2Fvideos%2F807415012800973%2F&amp;show_text=0&amp;width=856\" width=\"856\" height=\"476\" frameborder=\"0\" scrolling=\"no\" allowfullscreen=\"allowfullscreen\" src=\"data:image\/svg+xml;base64,PHN2ZyB3aWR0aD0iMSIgaGVpZ2h0PSIxIiB4bWxucz0iaHR0cDovL3d3dy53My5vcmcvMjAwMC9zdmciPjwvc3ZnPg==\" class=\"lazyload\" data-load-mode=\"1\"><\/iframe><\/p>\n<div style=\"width: 400px;\" class=\"wp-video\"><video class=\"wp-video-shortcode\" id=\"video-36225-1\" width=\"400\" height=\"220\" preload=\"metadata\" controls=\"controls\"><source type=\"video\/mp4\" src=\"https:\/\/eldiariodesanpedro.com.ar\/sitio\/wp-content\/uploads\/2018\/07\/1531334471189.mp4?_=1\" \/><a href=\"https:\/\/eldiariodesanpedro.com.ar\/sitio\/wp-content\/uploads\/2018\/07\/1531334471189.mp4\">https:\/\/eldiariodesanpedro.com.ar\/sitio\/wp-content\/uploads\/2018\/07\/1531334471189.mp4<\/a><\/video><\/div>\n<p>Minutos despu\u00e9s los protestantes iniciaron el fuego en cercan\u00eda de la vereda de enfrente al municipio y cuando las gomas ardieron los uniformados nuevamente intentaron acercarse a sofocar el incendio pero en esta oportunidad comenz\u00f3 una batahola entre ellos siendo utilizados gases lacrim\u00f3genos y balas de goma.<\/p>\n<div style=\"width: 400px;\" class=\"wp-video\"><video class=\"wp-video-shortcode\" id=\"video-36225-2\" width=\"400\" height=\"220\" preload=\"metadata\" controls=\"controls\"><source type=\"video\/mp4\" src=\"https:\/\/eldiariodesanpedro.com.ar\/sitio\/wp-content\/uploads\/2018\/07\/1531334453819.mp4?_=2\" \/><a href=\"https:\/\/eldiariodesanpedro.com.ar\/sitio\/wp-content\/uploads\/2018\/07\/1531334453819.mp4\">https:\/\/eldiariodesanpedro.com.ar\/sitio\/wp-content\/uploads\/2018\/07\/1531334453819.mp4<\/a><\/video><\/div>\n<p><iframe style=\"border: none; overflow: hidden;\" data-src=\"https:\/\/www.facebook.com\/plugins\/video.php?href=https%3A%2F%2Fwww.facebook.com%2Feldiario.desanpedro%2Fvideos%2F807460506129757%2F&amp;show_text=0&amp;width=560\" width=\"560\" height=\"308\" frameborder=\"0\" scrolling=\"no\" allowfullscreen=\"allowfullscreen\" src=\"data:image\/svg+xml;base64,PHN2ZyB3aWR0aD0iMSIgaGVpZ2h0PSIxIiB4bWxucz0iaHR0cDovL3d3dy53My5vcmcvMjAwMC9zdmciPjwvc3ZnPg==\" class=\"lazyload\" data-load-mode=\"1\"><\/iframe><\/p>\n<p>Como resultado de este conflicto los polic\u00edas lograron dispersar a los manifestantes con un saldo de 6 detenidos y 5 oficiales con heridas leves.<\/p>\n<p>Entre los aprendidos se encuentra quien lidera esta protesta y referente regional del espacio Gerardo Advarela.<\/p>\n","protected":false},"excerpt":{"rendered":"<p>Otra vez se presentaron frente al municipio local los Recuperadores de residuos del Basural de la Tosquera y junto a referentes del MTE provenientes de San Nicol\u00e1s se manifestaron en reclamo al incumplimiento de los compromisos realizados por el gobierno de Cecilio Salazar quienes no cumlpieron con los compromisos asumidos a fines de abril, cuando [&hellip;]<\/p>\n","protected":false},"author":4,"featured_media":36234,"comment_status":"open","ping_status":"closed","sticky":false,"template":"","format":"standard","meta":{"om_disable_all_campaigns":false,"_jetpack_memberships_contains_paid_content":false,"footnotes":""},"categories":[50,2,103],"tags":[],"class_list":["post-36225","post","type-post","status-publish","format-standard","has-post-thumbnail","hentry","category-destacadas","category-locales","category-policiales-locales"],"aioseo_notices":[],"gutentor_comment":0,"jetpack_featured_media_url":"https:\/\/eldiariodesanpedro.com.ar\/sitio\/wp-content\/uploads\/2018\/07\/Screenshot_20180711-160243-e1531336166582.jpg","jetpack_shortlink":"https:\/\/wp.me\/p6RhLt-9qh","jetpack_sharing_enabled":true,"_links":{"self":[{"href":"https:\/\/eldiariodesanpedro.com.ar\/sitio\/wp-json\/wp\/v2\/posts\/36225","targetHints":{"allow":["GET"]}}],"collection":[{"href":"https:\/\/eldiariodesanpedro.com.ar\/sitio\/wp-json\/wp\/v2\/posts"}],"about":[{"href":"https:\/\/eldiariodesanpedro.com.ar\/sitio\/wp-json\/wp\/v2\/types\/post"}],"author":[{"embeddable":true,"href":"https:\/\/eldiariodesanpedro.com.ar\/sitio\/wp-json\/wp\/v2\/users\/4"}],"replies":[{"embeddable":true,"href":"https:\/\/eldiariodesanpedro.com.ar\/sitio\/wp-json\/wp\/v2\/comments?post=36225"}],"version-history":[{"count":2,"href":"https:\/\/eldiariodesanpedro.com.ar\/sitio\/wp-json\/wp\/v2\/posts\/36225\/revisions"}],"predecessor-version":[{"id":36236,"href":"https:\/\/eldiariodesanpedro.com.ar\/sitio\/wp-json\/wp\/v2\/posts\/36225\/revisions\/36236"}],"wp:featuredmedia":[{"embeddable":true,"href":"https:\/\/eldiariodesanpedro.com.ar\/sitio\/wp-json\/wp\/v2\/media\/36234"}],"wp:attachment":[{"href":"https:\/\/eldiariodesanpedro.com.ar\/sitio\/wp-json\/wp\/v2\/media?parent=36225"}],"wp:term":[{"taxonomy":"category","embeddable":true,"href":"https:\/\/eldiariodesanpedro.com.ar\/sitio\/wp-json\/wp\/v2\/categories?post=36225"},{"taxonomy":"post_tag","embeddable":true,"href":"https:\/\/eldiariodesanpedro.com.ar\/sitio\/wp-json\/wp\/v2\/tags?post=36225"}],"curies":[{"name":"wp","href":"https:\/\/api.w.org\/{rel}","templated":true}]}}