{"id":36207,"date":"2018-07-11T09:25:30","date_gmt":"2018-07-11T12:25:30","guid":{"rendered":"https:\/\/eldiariodesanpedro.com.ar\/sitio\/?p=36207"},"modified":"2018-07-11T09:25:30","modified_gmt":"2018-07-11T12:25:30","slug":"un-aprehendido-por-pedido-de-captura-activa","status":"publish","type":"post","link":"https:\/\/eldiariodesanpedro.com.ar\/sitio\/un-aprehendido-por-pedido-de-captura-activa\/","title":{"rendered":"Un aprehendido por pedido de captura activa"},"content":{"rendered":"<p><!-- VideographyWP Plugin Message: Automatic video embedding prevented by plugin options. --><br \/>\nEl martes por la noche, en intersecci\u00f3n de las calles Mitre y Balcarce, personal policial identific\u00f3 a un ciudadano de 34 a\u00f1os de edad, oriundo de Rosario, quien registraba pedido de captura activo por el delito de robo agravado.<\/p>\n<p>El aprehendido fue trasladado a Comisar\u00eda y puesto a disposici\u00f3n de la Fiscal\u00eda<\/p>\n","protected":false},"excerpt":{"rendered":"<p>El martes por la noche, en intersecci\u00f3n de las calles Mitre y Balcarce, personal policial identific\u00f3 a un ciudadano de 34 a\u00f1os de edad, oriundo de Rosario, quien registraba pedido de captura activo por el delito de robo agravado. El aprehendido fue trasladado a Comisar\u00eda y puesto a disposici\u00f3n de la Fiscal\u00eda<\/p>\n","protected":false},"author":4,"featured_media":35887,"comment_status":"open","ping_status":"closed","sticky":false,"template":"","format":"standard","meta":{"om_disable_all_campaigns":false,"_jetpack_memberships_contains_paid_content":false,"footnotes":""},"categories":[2,103],"tags":[],"class_list":["post-36207","post","type-post","status-publish","format-standard","has-post-thumbnail","hentry","category-locales","category-policiales-locales"],"aioseo_notices":[],"gutentor_comment":0,"jetpack_featured_media_url":"https:\/\/eldiariodesanpedro.com.ar\/sitio\/wp-content\/uploads\/2018\/07\/policia002-850x450.jpg","jetpack_shortlink":"https:\/\/wp.me\/p6RhLt-9pZ","jetpack_sharing_enabled":true,"_links":{"self":[{"href":"https:\/\/eldiariodesanpedro.com.ar\/sitio\/wp-json\/wp\/v2\/posts\/36207","targetHints":{"allow":["GET"]}}],"collection":[{"href":"https:\/\/eldiariodesanpedro.com.ar\/sitio\/wp-json\/wp\/v2\/posts"}],"about":[{"href":"https:\/\/eldiariodesanpedro.com.ar\/sitio\/wp-json\/wp\/v2\/types\/post"}],"author":[{"embeddable":true,"href":"https:\/\/eldiariodesanpedro.com.ar\/sitio\/wp-json\/wp\/v2\/users\/4"}],"replies":[{"embeddable":true,"href":"https:\/\/eldiariodesanpedro.com.ar\/sitio\/wp-json\/wp\/v2\/comments?post=36207"}],"version-history":[{"count":1,"href":"https:\/\/eldiariodesanpedro.com.ar\/sitio\/wp-json\/wp\/v2\/posts\/36207\/revisions"}],"predecessor-version":[{"id":36208,"href":"https:\/\/eldiariodesanpedro.com.ar\/sitio\/wp-json\/wp\/v2\/posts\/36207\/revisions\/36208"}],"wp:featuredmedia":[{"embeddable":true,"href":"https:\/\/eldiariodesanpedro.com.ar\/sitio\/wp-json\/wp\/v2\/media\/35887"}],"wp:attachment":[{"href":"https:\/\/eldiariodesanpedro.com.ar\/sitio\/wp-json\/wp\/v2\/media?parent=36207"}],"wp:term":[{"taxonomy":"category","embeddable":true,"href":"https:\/\/eldiariodesanpedro.com.ar\/sitio\/wp-json\/wp\/v2\/categories?post=36207"},{"taxonomy":"post_tag","embeddable":true,"href":"https:\/\/eldiariodesanpedro.com.ar\/sitio\/wp-json\/wp\/v2\/tags?post=36207"}],"curies":[{"name":"wp","href":"https:\/\/api.w.org\/{rel}","templated":true}]}}