{"id":36205,"date":"2018-07-11T09:19:42","date_gmt":"2018-07-11T12:19:42","guid":{"rendered":"https:\/\/eldiariodesanpedro.com.ar\/sitio\/?p=36205"},"modified":"2018-07-11T09:19:42","modified_gmt":"2018-07-11T12:19:42","slug":"un-delincuente-le-arrebato-su-cartera-y-el-celular","status":"publish","type":"post","link":"https:\/\/eldiariodesanpedro.com.ar\/sitio\/un-delincuente-le-arrebato-su-cartera-y-el-celular\/","title":{"rendered":"Un delincuente le arrebato su cartera y el celular"},"content":{"rendered":"<p><!-- VideographyWP Plugin Message: Automatic video embedding prevented by plugin options. --><br \/>\nUna ciudadana de 43 a\u00f1os de edad, denuncio en la Dependencia Local, que se encontraba caminando en intersecci\u00f3n de las calles San Mart\u00edn y Oliveira Cesar cuando fue sorprendida por un malviviente quien a modo de arrebato le sustrae la cartera con pertenencias personales y el celular.<\/p>\n<p>La victima result\u00f3 ilesa y tomo intervenci\u00f3n la UFI N\u00ba11 a cargo de la Dr Ramos.<\/p>\n","protected":false},"excerpt":{"rendered":"<p>Una ciudadana de 43 a\u00f1os de edad, denuncio en la Dependencia Local, que se encontraba caminando en intersecci\u00f3n de las calles San Mart\u00edn y Oliveira Cesar cuando fue sorprendida por un malviviente quien a modo de arrebato le sustrae la cartera con pertenencias personales y el celular. La victima result\u00f3 ilesa y tomo intervenci\u00f3n la [&hellip;]<\/p>\n","protected":false},"author":4,"featured_media":14681,"comment_status":"open","ping_status":"closed","sticky":false,"template":"","format":"standard","meta":{"om_disable_all_campaigns":false,"_jetpack_memberships_contains_paid_content":false,"footnotes":""},"categories":[2,103],"tags":[],"class_list":["post-36205","post","type-post","status-publish","format-standard","has-post-thumbnail","hentry","category-locales","category-policiales-locales"],"aioseo_notices":[],"gutentor_comment":0,"jetpack_featured_media_url":"https:\/\/eldiariodesanpedro.com.ar\/sitio\/wp-content\/uploads\/2017\/02\/arrebato.jpg","jetpack_shortlink":"https:\/\/wp.me\/p6RhLt-9pX","jetpack_sharing_enabled":true,"_links":{"self":[{"href":"https:\/\/eldiariodesanpedro.com.ar\/sitio\/wp-json\/wp\/v2\/posts\/36205","targetHints":{"allow":["GET"]}}],"collection":[{"href":"https:\/\/eldiariodesanpedro.com.ar\/sitio\/wp-json\/wp\/v2\/posts"}],"about":[{"href":"https:\/\/eldiariodesanpedro.com.ar\/sitio\/wp-json\/wp\/v2\/types\/post"}],"author":[{"embeddable":true,"href":"https:\/\/eldiariodesanpedro.com.ar\/sitio\/wp-json\/wp\/v2\/users\/4"}],"replies":[{"embeddable":true,"href":"https:\/\/eldiariodesanpedro.com.ar\/sitio\/wp-json\/wp\/v2\/comments?post=36205"}],"version-history":[{"count":1,"href":"https:\/\/eldiariodesanpedro.com.ar\/sitio\/wp-json\/wp\/v2\/posts\/36205\/revisions"}],"predecessor-version":[{"id":36206,"href":"https:\/\/eldiariodesanpedro.com.ar\/sitio\/wp-json\/wp\/v2\/posts\/36205\/revisions\/36206"}],"wp:featuredmedia":[{"embeddable":true,"href":"https:\/\/eldiariodesanpedro.com.ar\/sitio\/wp-json\/wp\/v2\/media\/14681"}],"wp:attachment":[{"href":"https:\/\/eldiariodesanpedro.com.ar\/sitio\/wp-json\/wp\/v2\/media?parent=36205"}],"wp:term":[{"taxonomy":"category","embeddable":true,"href":"https:\/\/eldiariodesanpedro.com.ar\/sitio\/wp-json\/wp\/v2\/categories?post=36205"},{"taxonomy":"post_tag","embeddable":true,"href":"https:\/\/eldiariodesanpedro.com.ar\/sitio\/wp-json\/wp\/v2\/tags?post=36205"}],"curies":[{"name":"wp","href":"https:\/\/api.w.org\/{rel}","templated":true}]}}