{"id":36203,"date":"2018-07-11T09:09:58","date_gmt":"2018-07-11T12:09:58","guid":{"rendered":"https:\/\/eldiariodesanpedro.com.ar\/sitio\/?p=36203"},"modified":"2018-07-11T09:09:58","modified_gmt":"2018-07-11T12:09:58","slug":"joven-aprehendido-por-molestar-a-su-ex-pareja","status":"publish","type":"post","link":"https:\/\/eldiariodesanpedro.com.ar\/sitio\/joven-aprehendido-por-molestar-a-su-ex-pareja\/","title":{"rendered":"Joven aprehendido por molestar a su ex pareja"},"content":{"rendered":"<p><!-- VideographyWP Plugin Message: Automatic video embedding prevented by plugin options. --><br \/>\nPersonal policial, el d\u00eda martes por la tarde, recibe un alerta por llamado al 911 que un joven de 23 a\u00f1os de edad se encontraba molestando a su ex pareja en la v\u00eda p\u00fablica.<\/p>\n<p>Se trataba de un ciudadano que estaba desobedeciendo una Orden Judicial de Restricci\u00f3n Perimetral dictado por el Juzgado de Paz Local s\/Violencia Familiar donde se procedi\u00f3 a la aprehensi\u00f3n del mismo y trasladado a la Dependencia Local hasta ser presentado en la sede de la Fiscal\u00eda.<\/p>\n","protected":false},"excerpt":{"rendered":"<p>Personal policial, el d\u00eda martes por la tarde, recibe un alerta por llamado al 911 que un joven de 23 a\u00f1os de edad se encontraba molestando a su ex pareja en la v\u00eda p\u00fablica. Se trataba de un ciudadano que estaba desobedeciendo una Orden Judicial de Restricci\u00f3n Perimetral dictado por el Juzgado de Paz Local [&hellip;]<\/p>\n","protected":false},"author":4,"featured_media":30195,"comment_status":"open","ping_status":"closed","sticky":false,"template":"","format":"standard","meta":{"om_disable_all_campaigns":false,"_jetpack_memberships_contains_paid_content":false,"footnotes":""},"categories":[2,103],"tags":[],"class_list":["post-36203","post","type-post","status-publish","format-standard","has-post-thumbnail","hentry","category-locales","category-policiales-locales"],"aioseo_notices":[],"gutentor_comment":0,"jetpack_featured_media_url":"https:\/\/eldiariodesanpedro.com.ar\/sitio\/wp-content\/uploads\/2018\/03\/Aprehendido-y-ofuscado.jpg","jetpack_shortlink":"https:\/\/wp.me\/p6RhLt-9pV","jetpack_sharing_enabled":true,"_links":{"self":[{"href":"https:\/\/eldiariodesanpedro.com.ar\/sitio\/wp-json\/wp\/v2\/posts\/36203","targetHints":{"allow":["GET"]}}],"collection":[{"href":"https:\/\/eldiariodesanpedro.com.ar\/sitio\/wp-json\/wp\/v2\/posts"}],"about":[{"href":"https:\/\/eldiariodesanpedro.com.ar\/sitio\/wp-json\/wp\/v2\/types\/post"}],"author":[{"embeddable":true,"href":"https:\/\/eldiariodesanpedro.com.ar\/sitio\/wp-json\/wp\/v2\/users\/4"}],"replies":[{"embeddable":true,"href":"https:\/\/eldiariodesanpedro.com.ar\/sitio\/wp-json\/wp\/v2\/comments?post=36203"}],"version-history":[{"count":1,"href":"https:\/\/eldiariodesanpedro.com.ar\/sitio\/wp-json\/wp\/v2\/posts\/36203\/revisions"}],"predecessor-version":[{"id":36204,"href":"https:\/\/eldiariodesanpedro.com.ar\/sitio\/wp-json\/wp\/v2\/posts\/36203\/revisions\/36204"}],"wp:featuredmedia":[{"embeddable":true,"href":"https:\/\/eldiariodesanpedro.com.ar\/sitio\/wp-json\/wp\/v2\/media\/30195"}],"wp:attachment":[{"href":"https:\/\/eldiariodesanpedro.com.ar\/sitio\/wp-json\/wp\/v2\/media?parent=36203"}],"wp:term":[{"taxonomy":"category","embeddable":true,"href":"https:\/\/eldiariodesanpedro.com.ar\/sitio\/wp-json\/wp\/v2\/categories?post=36203"},{"taxonomy":"post_tag","embeddable":true,"href":"https:\/\/eldiariodesanpedro.com.ar\/sitio\/wp-json\/wp\/v2\/tags?post=36203"}],"curies":[{"name":"wp","href":"https:\/\/api.w.org\/{rel}","templated":true}]}}