{"id":36201,"date":"2018-07-11T08:59:14","date_gmt":"2018-07-11T11:59:14","guid":{"rendered":"https:\/\/eldiariodesanpedro.com.ar\/sitio\/?p=36201"},"modified":"2018-07-11T08:59:14","modified_gmt":"2018-07-11T11:59:14","slug":"nuevamente-detenido-el-virolo","status":"publish","type":"post","link":"https:\/\/eldiariodesanpedro.com.ar\/sitio\/nuevamente-detenido-el-virolo\/","title":{"rendered":"Nuevamente detenido \u201cEl Virolo\u201d"},"content":{"rendered":"<p><!-- VideographyWP Plugin Message: Automatic video embedding prevented by plugin options. --><br \/>\nHace dos semanas hab\u00eda sido trasladado a un Instituto de menores en La Plata, pero para la justicia no alcanz\u00f3 y lo liberaron a los tres d\u00edas. Este fin de semana volvi\u00f3 a cometer il\u00edcitos y apu\u00f1alo a dos  personas.<\/p>\n<p>\u00abEl Virolo\u00bb fue protagonista el domingo de un violento episodio en el que mantuvo un enfrentamiento con otras dos personas en el barrio Hermano Indio que como consecuencia, dos hermanos de 22 y 30 a\u00f1os, resultaron heridos y trasladados a la guardia del Hospital.<\/p>\n<p>El d\u00eda martes, personal policial procedi\u00f3 a la aprehensi\u00f3n en un domicilio sito calle G\u00fcemes N\u00ba1405, de un menor de 16 a\u00f1os de edad con frondosos antecedentes, m\u00e1s conocido como \u201cEl Virolo\u201d, quien registraba pedido de detenci\u00f3n de hecho re caratulado tentativa de homicidio y lesiones.<\/p>\n<p>El adolescente se encontraba escondido en el interior de la vivienda donde se secuestr\u00f3 una pava el\u00e9ctrica que hab\u00eda sido sustra\u00edda en un hecho caratulado como robo calificado en calle Balcarce al 1200 y un tv quien hab\u00eda sustra\u00eddo previo violentar una puerta en calle Rivero al 900; estos hechos fueron cometidos el d\u00eda martes.<\/p>\n<p>El imputado fue detenido y alojado por unas horas en las instalaciones de la Comisar\u00eda de San Pedro hasta que, por disposici\u00f3n de la Fiscal\u00eda de Responsabilidad Penal Juvenil, fue internado nuevamente en la ciudad de La Plata, esta vez en un centro de r\u00e9gimen cerrado, para evitar que se escape.<\/p>\n","protected":false},"excerpt":{"rendered":"<p>Hace dos semanas hab\u00eda sido trasladado a un Instituto de menores en La Plata, pero para la justicia no alcanz\u00f3 y lo liberaron a los tres d\u00edas. Este fin de semana volvi\u00f3 a cometer il\u00edcitos y apu\u00f1alo a dos personas. \u00abEl Virolo\u00bb fue protagonista el domingo de un violento episodio en el que mantuvo un [&hellip;]<\/p>\n","protected":false},"author":4,"featured_media":31829,"comment_status":"open","ping_status":"closed","sticky":false,"template":"","format":"standard","meta":{"om_disable_all_campaigns":false,"_jetpack_memberships_contains_paid_content":false,"footnotes":""},"categories":[50,2,103],"tags":[],"class_list":["post-36201","post","type-post","status-publish","format-standard","has-post-thumbnail","hentry","category-destacadas","category-locales","category-policiales-locales"],"aioseo_notices":[],"gutentor_comment":0,"jetpack_featured_media_url":"https:\/\/eldiariodesanpedro.com.ar\/sitio\/wp-content\/uploads\/2018\/04\/detenido_658x400_0.jpg","jetpack_shortlink":"https:\/\/wp.me\/p6RhLt-9pT","jetpack_sharing_enabled":true,"_links":{"self":[{"href":"https:\/\/eldiariodesanpedro.com.ar\/sitio\/wp-json\/wp\/v2\/posts\/36201","targetHints":{"allow":["GET"]}}],"collection":[{"href":"https:\/\/eldiariodesanpedro.com.ar\/sitio\/wp-json\/wp\/v2\/posts"}],"about":[{"href":"https:\/\/eldiariodesanpedro.com.ar\/sitio\/wp-json\/wp\/v2\/types\/post"}],"author":[{"embeddable":true,"href":"https:\/\/eldiariodesanpedro.com.ar\/sitio\/wp-json\/wp\/v2\/users\/4"}],"replies":[{"embeddable":true,"href":"https:\/\/eldiariodesanpedro.com.ar\/sitio\/wp-json\/wp\/v2\/comments?post=36201"}],"version-history":[{"count":1,"href":"https:\/\/eldiariodesanpedro.com.ar\/sitio\/wp-json\/wp\/v2\/posts\/36201\/revisions"}],"predecessor-version":[{"id":36202,"href":"https:\/\/eldiariodesanpedro.com.ar\/sitio\/wp-json\/wp\/v2\/posts\/36201\/revisions\/36202"}],"wp:featuredmedia":[{"embeddable":true,"href":"https:\/\/eldiariodesanpedro.com.ar\/sitio\/wp-json\/wp\/v2\/media\/31829"}],"wp:attachment":[{"href":"https:\/\/eldiariodesanpedro.com.ar\/sitio\/wp-json\/wp\/v2\/media?parent=36201"}],"wp:term":[{"taxonomy":"category","embeddable":true,"href":"https:\/\/eldiariodesanpedro.com.ar\/sitio\/wp-json\/wp\/v2\/categories?post=36201"},{"taxonomy":"post_tag","embeddable":true,"href":"https:\/\/eldiariodesanpedro.com.ar\/sitio\/wp-json\/wp\/v2\/tags?post=36201"}],"curies":[{"name":"wp","href":"https:\/\/api.w.org\/{rel}","templated":true}]}}