{"id":36189,"date":"2018-07-10T18:29:32","date_gmt":"2018-07-10T21:29:32","guid":{"rendered":"https:\/\/eldiariodesanpedro.com.ar\/sitio\/?p=36189"},"modified":"2018-07-10T18:29:32","modified_gmt":"2018-07-10T21:29:32","slug":"en-el-dia-de-la-independencia-se-robaron-la-bandera","status":"publish","type":"post","link":"https:\/\/eldiariodesanpedro.com.ar\/sitio\/en-el-dia-de-la-independencia-se-robaron-la-bandera\/","title":{"rendered":"En el D\u00eda de la Independencia se robaron la Bandera"},"content":{"rendered":"<p><!-- VideographyWP Plugin Message: Automatic video embedding prevented by plugin options. --><br \/>\nEn pleno feriado nacional se robaron la bandera que se encontraba en la zona costanera.<\/p>\n<p>Este lunes autores ignorados se llevaron la Bandera Argentina que se encontraba en la zona de la costanera, que estaba all\u00ed desde el a\u00f1o 2007, la que fue comprada entre todos los vecinos de la ciudad. Anteriormente en 2005 se hab\u00eda instalado otra que fue donada por la Prefectura Naval y que con el tiempo se fue desgastando.<\/p>\n<p>Desde el municipio informaron que hab\u00edan forzado la cajuela que tiene el mecanismo que hace que asciende o desciende el simbola patrio.<\/p>\n<p>Ademas en el comunicado agregan: \u201cLa Municipalidad de San Pedro lamenta informar que el d\u00eda 9 de Julio se robaron la Bandera Argentina que se iz\u00f3 en el m\u00e1stil del Paseo de la Bandera para festejar nuestra fecha patria por el d\u00eda de la Independencia. Lamentablemente como sampedrinos no nos respetamos, no nos cuidamos y a\u00fan peor le fallamos a nuestro pa\u00eds\u201d.<\/p>\n<p>\u201cComo ciudad y como comunidad nos debemos una profunda reflexi\u00f3n sobre este tema\u201d, sentenciaron en un comunicado.<\/p>\n","protected":false},"excerpt":{"rendered":"<p>En pleno feriado nacional se robaron la bandera que se encontraba en la zona costanera. Este lunes autores ignorados se llevaron la Bandera Argentina que se encontraba en la zona de la costanera, que estaba all\u00ed desde el a\u00f1o 2007, la que fue comprada entre todos los vecinos de la ciudad. Anteriormente en 2005 se [&hellip;]<\/p>\n","protected":false},"author":4,"featured_media":36190,"comment_status":"open","ping_status":"closed","sticky":false,"template":"","format":"standard","meta":{"om_disable_all_campaigns":false,"_jetpack_memberships_contains_paid_content":false,"footnotes":""},"categories":[101,2],"tags":[],"class_list":["post-36189","post","type-post","status-publish","format-standard","has-post-thumbnail","hentry","category-interes-general-locales","category-locales"],"aioseo_notices":[],"gutentor_comment":0,"jetpack_featured_media_url":"https:\/\/eldiariodesanpedro.com.ar\/sitio\/wp-content\/uploads\/2018\/07\/PAGINA-4.png","jetpack_shortlink":"https:\/\/wp.me\/p6RhLt-9pH","jetpack_sharing_enabled":true,"_links":{"self":[{"href":"https:\/\/eldiariodesanpedro.com.ar\/sitio\/wp-json\/wp\/v2\/posts\/36189","targetHints":{"allow":["GET"]}}],"collection":[{"href":"https:\/\/eldiariodesanpedro.com.ar\/sitio\/wp-json\/wp\/v2\/posts"}],"about":[{"href":"https:\/\/eldiariodesanpedro.com.ar\/sitio\/wp-json\/wp\/v2\/types\/post"}],"author":[{"embeddable":true,"href":"https:\/\/eldiariodesanpedro.com.ar\/sitio\/wp-json\/wp\/v2\/users\/4"}],"replies":[{"embeddable":true,"href":"https:\/\/eldiariodesanpedro.com.ar\/sitio\/wp-json\/wp\/v2\/comments?post=36189"}],"version-history":[{"count":2,"href":"https:\/\/eldiariodesanpedro.com.ar\/sitio\/wp-json\/wp\/v2\/posts\/36189\/revisions"}],"predecessor-version":[{"id":36223,"href":"https:\/\/eldiariodesanpedro.com.ar\/sitio\/wp-json\/wp\/v2\/posts\/36189\/revisions\/36223"}],"wp:featuredmedia":[{"embeddable":true,"href":"https:\/\/eldiariodesanpedro.com.ar\/sitio\/wp-json\/wp\/v2\/media\/36190"}],"wp:attachment":[{"href":"https:\/\/eldiariodesanpedro.com.ar\/sitio\/wp-json\/wp\/v2\/media?parent=36189"}],"wp:term":[{"taxonomy":"category","embeddable":true,"href":"https:\/\/eldiariodesanpedro.com.ar\/sitio\/wp-json\/wp\/v2\/categories?post=36189"},{"taxonomy":"post_tag","embeddable":true,"href":"https:\/\/eldiariodesanpedro.com.ar\/sitio\/wp-json\/wp\/v2\/tags?post=36189"}],"curies":[{"name":"wp","href":"https:\/\/api.w.org\/{rel}","templated":true}]}}