{"id":36186,"date":"2018-07-10T17:06:21","date_gmt":"2018-07-10T20:06:21","guid":{"rendered":"https:\/\/eldiariodesanpedro.com.ar\/sitio\/?p=36186"},"modified":"2018-07-10T17:06:21","modified_gmt":"2018-07-10T20:06:21","slug":"zarate-empresarios-pymes-en-alerta-por-la-caida-del-consumo-y-los-despidos","status":"publish","type":"post","link":"https:\/\/eldiariodesanpedro.com.ar\/sitio\/zarate-empresarios-pymes-en-alerta-por-la-caida-del-consumo-y-los-despidos\/","title":{"rendered":"ZARATE: Empresarios pymes en alerta por la ca\u00edda del consumo y los despidos"},"content":{"rendered":"<p><!-- VideographyWP Plugin Message: Automatic video embedding prevented by plugin options. --><br \/>\nSilvio Zurzolo, titular de la Asociaci\u00f3n de Industriales bonaerense, cuestion\u00f3 a Macri por \u201cno tener un plan industrial y productivo\u201d. Sostuvo que el movimiento cambiario impide tener un panorama de costos.<\/p>\n<p>Silvio Zurzolo, presidente de la Asociaci\u00f3n de Industriales de la provincia de Buenos Aires (ADIBA) apunt\u00f3 contra las pol\u00edticas econ\u00f3micas de la administraci\u00f3n de Mauricio Macri. Remarc\u00f3 que las \u00faltimas medidas han impactado negativamente en la peque\u00f1a empresa y cuestion\u00f3 la falta de un \u201cplan industrial y productivo\u201d.<\/p>\n<p>\u201cNo estamos bien, estamos muy complicados\u201d, sintetiz\u00f3 Zurzolo en radio Continental y describi\u00f3 que los tres puntos que m\u00e1s complican al sector son: \u201cLos impuestos, la cadena impositiva es muy alta; la log\u00edstica, cada vez que tenemos que mover nuestros productos, son alt\u00edsimos los costos y la situaci\u00f3n del mercado interno, que cay\u00f3 mucho porque no hay consumo\u201d.<\/p>\n<p>En esa l\u00ednea, sostuvo que \u201cla ca\u00edda la capacidad instalada de la industria est\u00e1 en el 65%, hay industrias que est\u00e1n en menos. Los m\u00e1s castigados son textil y calzado\u201d.<\/p>\n<p>Consultado sobre c\u00f3mo impacta esta ca\u00edda en el cuerpo de empleados, dijo que est\u00e1 creciendo<\/p>\n<p>\u201cEl dialogo con el gobierno es bueno, pero tenemos que decir la verdad porque si no el pa\u00eds no sale, y para eso tenemos que ser cr\u00edticos \u201clos despidos y adem\u00e1s se sacaron las horas extras, lo que significa menos ingreso y va en contra del sistema productivo argentino, porque nuestra mercader\u00eda se vive en el mercado local\u201d.. Se habla siempre de d\u00e9ficit fiscal, de cr\u00e9ditos, pero no se habla de producci\u00f3n\u201d, agreg\u00f3 el titular de ADIBA y se\u00f1al\u00f3: \u201cTenemos que tener un plan industrial y productivo, por lo menos a mediano plazo\u201d.<\/p>\n<p>Consultado sobre c\u00f3mo ha impactado la devaluaci\u00f3n, se\u00f1al\u00f3: \u201cNo podemos levantarnos y mirar todos los d\u00edas a que d\u00f3lar ten\u00e9s que comprar o vender, porque lamentablemente la materia prima est\u00e1 dolarizada. Se hace muy dif\u00edcil saber cu\u00e1les son los costos si no tenemos una pol\u00edtica clara de d\u00f3nde vamos a ir y d\u00f3nde vamos a estar\u201d.<\/p>\n<p>Adem\u00e1s, Zurzolo sostuvo que tambi\u00e9n la financiaci\u00f3n es muy problema por el valor de las tasas. \u201cLa m\u00ednima es el 29%, el cambio de cheques est\u00e1 50, 60%. La pyme, a veces, no califica en los bancos para cambiar los cheques y caen en una cueva y ah\u00ed son cifras siderales\u201d.<\/p>\n<p>El empresario, tambi\u00e9n cuestion\u00f3 la presi\u00f3n de la AFIP: \u201cHay muchas empresas que tienen saldo a favor de ingresos brutos, sin embargo AFIP porque quiz\u00e1 ten\u00e9s una peque\u00f1a deuda te cancela las cuentas. La deuda que tienen con vos no vale y la que vos ten\u00e9s con ellos, s\u00ed\u201d, complet\u00f3.<\/p>\n<p>FUENTE: https:\/\/www.letrap.com.ar<\/p>\n","protected":false},"excerpt":{"rendered":"<p>Silvio Zurzolo, titular de la Asociaci\u00f3n de Industriales bonaerense, cuestion\u00f3 a Macri por \u201cno tener un plan industrial y productivo\u201d. Sostuvo que el movimiento cambiario impide tener un panorama de costos. Silvio Zurzolo, presidente de la Asociaci\u00f3n de Industriales de la provincia de Buenos Aires (ADIBA) apunt\u00f3 contra las pol\u00edticas econ\u00f3micas de la administraci\u00f3n de [&hellip;]<\/p>\n","protected":false},"author":4,"featured_media":36187,"comment_status":"open","ping_status":"closed","sticky":false,"template":"","format":"standard","meta":{"om_disable_all_campaigns":false,"_jetpack_memberships_contains_paid_content":false,"footnotes":""},"categories":[621],"tags":[],"class_list":["post-36186","post","type-post","status-publish","format-standard","has-post-thumbnail","hentry","category-regionales"],"aioseo_notices":[],"gutentor_comment":0,"jetpack_featured_media_url":"https:\/\/eldiariodesanpedro.com.ar\/sitio\/wp-content\/uploads\/2018\/07\/1531227353428_658x400.jpg","jetpack_shortlink":"https:\/\/wp.me\/p6RhLt-9pE","jetpack_sharing_enabled":true,"_links":{"self":[{"href":"https:\/\/eldiariodesanpedro.com.ar\/sitio\/wp-json\/wp\/v2\/posts\/36186","targetHints":{"allow":["GET"]}}],"collection":[{"href":"https:\/\/eldiariodesanpedro.com.ar\/sitio\/wp-json\/wp\/v2\/posts"}],"about":[{"href":"https:\/\/eldiariodesanpedro.com.ar\/sitio\/wp-json\/wp\/v2\/types\/post"}],"author":[{"embeddable":true,"href":"https:\/\/eldiariodesanpedro.com.ar\/sitio\/wp-json\/wp\/v2\/users\/4"}],"replies":[{"embeddable":true,"href":"https:\/\/eldiariodesanpedro.com.ar\/sitio\/wp-json\/wp\/v2\/comments?post=36186"}],"version-history":[{"count":1,"href":"https:\/\/eldiariodesanpedro.com.ar\/sitio\/wp-json\/wp\/v2\/posts\/36186\/revisions"}],"predecessor-version":[{"id":36188,"href":"https:\/\/eldiariodesanpedro.com.ar\/sitio\/wp-json\/wp\/v2\/posts\/36186\/revisions\/36188"}],"wp:featuredmedia":[{"embeddable":true,"href":"https:\/\/eldiariodesanpedro.com.ar\/sitio\/wp-json\/wp\/v2\/media\/36187"}],"wp:attachment":[{"href":"https:\/\/eldiariodesanpedro.com.ar\/sitio\/wp-json\/wp\/v2\/media?parent=36186"}],"wp:term":[{"taxonomy":"category","embeddable":true,"href":"https:\/\/eldiariodesanpedro.com.ar\/sitio\/wp-json\/wp\/v2\/categories?post=36186"},{"taxonomy":"post_tag","embeddable":true,"href":"https:\/\/eldiariodesanpedro.com.ar\/sitio\/wp-json\/wp\/v2\/tags?post=36186"}],"curies":[{"name":"wp","href":"https:\/\/api.w.org\/{rel}","templated":true}]}}